{"id":1599,"date":"2021-06-24T10:06:38","date_gmt":"2021-06-24T10:06:38","guid":{"rendered":"https:\/\/migrantesenigualdad.es\/?p=1599"},"modified":"2021-06-29T08:38:18","modified_gmt":"2021-06-29T08:38:18","slug":"no-vengo-a-hablar-de-racismo-mohamed-sabir","status":"publish","type":"post","link":"https:\/\/migrantesenigualdad.es\/index.php\/2021\/06\/24\/no-vengo-a-hablar-de-racismo-mohamed-sabir\/","title":{"rendered":"No vengo a hablar de racismo &#8211; Mohamed Sabir"},"content":{"rendered":"<p>[et_pb_section fb_built=\u00bb1&#8243; _builder_version=\u00bb3.22&#8243; custom_padding=\u00bb0px|||||\u00bb][et_pb_row _builder_version=\u00bb4.2.2&#8243; background_size=\u00bbinitial\u00bb background_position=\u00bbtop_left\u00bb background_repeat=\u00bbrepeat\u00bb custom_margin=\u00bb|auto|-42px|auto||\u00bb custom_padding=\u00bb0px|||||\u00bb collapsed=\u00bboff\u00bb][et_pb_column type=\u00bb4_4&#8243; _builder_version=\u00bb3.25&#8243; custom_padding=\u00bb|||\u00bb custom_padding__hover=\u00bb|||\u00bb][et_pb_text _builder_version=\u00bb4.2.2&#8243; text_line_height=\u00bb2em\u00bb background_size=\u00bbinitial\u00bb background_position=\u00bbtop_left\u00bb background_repeat=\u00bbrepeat\u00bb custom_padding=\u00bb0px||0px||false|false\u00bb inline_fonts=\u00bbAbril Fatface,Abel,Aleo\u00bb]<\/p>\n<p style=\"text-align: justify;\"><span style=\"font-size: large;\">En nuestra serie\u00a0<strong>No vengo a hablar de racismo<\/strong>, tenemos hoy a un futbolista de \u00e9lite que viene a hablarnos de su mayor afici\u00f3n: el f\u00fatbol.\u00a0<\/span><\/p>\n<p style=\"text-align: justify;\"><span style=\"font-size: large;\">Mohamed Sabir es uno de los jugadores de <a href=\"https:\/\/www.facebook.com\/futbolamputado\">Flamencos Amputados Sur<\/a> y se proclam\u00f3 campe\u00f3n de Espa\u00f1a el pasado 25 de abril, con un balance de quince goles a favor y solo uno en contra. Verlo jugar es impresionante, y hablar con \u00e9l cara a cara deja ver su enorme carisma.\u00a0<\/span><\/p>\n<p style=\"text-align: justify;\"><span style=\"font-size: large;\">Pas\u00f3 unos a\u00f1os en el Campo de Gibraltar, donde dej\u00f3 amigos\/as y actualmente vive y estudia <\/span><span style=\"font-size: large;\">en Jerez, donde tambi\u00e9n entrena. <\/span><\/p>\n<p style=\"text-align: justify;\"><span style=\"font-size: large;\">Agradecemos a sus monitoras de<a href=\"https:\/\/www.accem.es\/\"> Accem<\/a> su ayuda al hacer posible la realizaci\u00f3n de esta entrevista.\u00a0<\/span><\/p>\n<p style=\"text-align: justify;\"><span style=\"font-size: large;\"><\/span><\/p>\n<p style=\"text-align: justify;\"><span style=\"font-size: large;\"><\/span><\/p>\n<p style=\"text-align: justify;\"><span style=\"font-size: large;\"><\/span><\/p>\n<p style=\"text-align: justify;\"><span style=\"font-size: large;\"><\/span><\/p>\n<p style=\"text-align: justify;\"><span style=\"font-size: large;\"><\/span><\/p>\n<p>[\/et_pb_text][\/et_pb_column][\/et_pb_row][et_pb_row _builder_version=\u00bb4.2.2&#8243; min_height=\u00bb100px\u00bb custom_margin=\u00bb0px|auto|0px|auto|false|false\u00bb custom_padding=\u00bb20px||0px||false|false\u00bb collapsed=\u00bboff\u00bb][et_pb_column type=\u00bb4_4&#8243; _builder_version=\u00bb4.2.2&#8243;][et_pb_video src=\u00bbhttps:\/\/www.youtube.com\/watch?v=YeJ4s25xzeg\u00bb play_icon_color=\u00bb#e09900&#8243; _builder_version=\u00bb4.2.2&#8243;][\/et_pb_video][\/et_pb_column][\/et_pb_row][\/et_pb_section]<\/p>\n","protected":false},"excerpt":{"rendered":"<p>En nuestra serie\u00a0No vengo a hablar de racismo, tenemos hoy a un futbolista de \u00e9lite que viene a hablarnos de su mayor afici\u00f3n: el f\u00fatbol.\u00a0 Mohamed Sabir es uno de los jugadores de Flamencos Amputados Sur y se proclam\u00f3 campe\u00f3n de Espa\u00f1a el pasado 25 de abril, con un balance de quince goles a favor [&hellip;]<\/p>\n","protected":false},"author":1,"featured_media":1647,"comment_status":"open","ping_status":"closed","sticky":false,"template":"","format":"standard","meta":{"_et_pb_use_builder":"on","_et_pb_old_content":"","_et_gb_content_width":"","_jetpack_newsletter_access":"","_jetpack_dont_email_post_to_subs":false,"_jetpack_newsletter_tier_id":0,"_jetpack_memberships_contains_paywalled_content":false,"_jetpack_feature_clip_id":0,"_jetpack_memberships_contains_paid_content":false,"footnotes":"","jetpack_post_was_ever_published":false},"categories":[39],"tags":[13,47,38,40,48],"class_list":["post-1599","post","type-post","status-publish","format-standard","has-post-thumbnail","hentry","category-no-vengo-a-hablar-de-racismo","tag-antirracismo","tag-comunidad","tag-convivencia","tag-no-vengo-a-hablar-de-racismo","tag-pueblo"],"jetpack_sharing_enabled":true,"jetpack_featured_media_url":"https:\/\/i0.wp.com\/migrantesenigualdad.es\/wp-content\/uploads\/2021\/06\/NVAHDR-Mohamed-Sabir.png?fit=806%2C496&ssl=1","post_mailing_queue_ids":[],"_links":{"self":[{"href":"https:\/\/migrantesenigualdad.es\/index.php\/wp-json\/wp\/v2\/posts\/1599","targetHints":{"allow":["GET"]}}],"collection":[{"href":"https:\/\/migrantesenigualdad.es\/index.php\/wp-json\/wp\/v2\/posts"}],"about":[{"href":"https:\/\/migrantesenigualdad.es\/index.php\/wp-json\/wp\/v2\/types\/post"}],"author":[{"embeddable":true,"href":"https:\/\/migrantesenigualdad.es\/index.php\/wp-json\/wp\/v2\/users\/1"}],"replies":[{"embeddable":true,"href":"https:\/\/migrantesenigualdad.es\/index.php\/wp-json\/wp\/v2\/comments?post=1599"}],"version-history":[{"count":0,"href":"https:\/\/migrantesenigualdad.es\/index.php\/wp-json\/wp\/v2\/posts\/1599\/revisions"}],"wp:featuredmedia":[{"embeddable":true,"href":"https:\/\/migrantesenigualdad.es\/index.php\/wp-json\/wp\/v2\/media\/1647"}],"wp:attachment":[{"href":"https:\/\/migrantesenigualdad.es\/index.php\/wp-json\/wp\/v2\/media?parent=1599"}],"wp:term":[{"taxonomy":"category","embeddable":true,"href":"https:\/\/migrantesenigualdad.es\/index.php\/wp-json\/wp\/v2\/categories?post=1599"},{"taxonomy":"post_tag","embeddable":true,"href":"https:\/\/migrantesenigualdad.es\/index.php\/wp-json\/wp\/v2\/tags?post=1599"}],"curies":[{"name":"wp","href":"https:\/\/api.w.org\/{rel}","templated":true}]}}