{"id":1572,"date":"2021-06-22T11:33:18","date_gmt":"2021-06-22T11:33:18","guid":{"rendered":"https:\/\/migrantesenigualdad.es\/?p=1572"},"modified":"2022-09-20T12:00:16","modified_gmt":"2022-09-20T12:00:16","slug":"hablamos-de-futuro-con-yassine-y-hossny","status":"publish","type":"post","link":"https:\/\/migrantesenigualdad.es\/index.php\/2021\/06\/22\/hablamos-de-futuro-con-yassine-y-hossny\/","title":{"rendered":"\u00abMe encanta ayudar a los chicos\u00bb"},"content":{"rendered":"<p>[et_pb_section fb_built=\u00bb1&#8243; _builder_version=\u00bb4.16&#8243; custom_margin=\u00bb||-94px|||\u00bb custom_padding=\u00bb0px|||||\u00bb global_colors_info=\u00bb{}\u00bb][et_pb_row _builder_version=\u00bb4.16&#8243; background_size=\u00bbinitial\u00bb background_position=\u00bbtop_left\u00bb background_repeat=\u00bbrepeat\u00bb min_height=\u00bb100px\u00bb custom_margin=\u00bb||0px||false|false\u00bb global_colors_info=\u00bb{}\u00bb][et_pb_column type=\u00bb4_4&#8243; _builder_version=\u00bb4.16&#8243; custom_padding=\u00bb|||\u00bb global_colors_info=\u00bb{}\u00bb custom_padding__hover=\u00bb|||\u00bb][et_pb_text _builder_version=\u00bb4.16&#8243; text_font=\u00bb||||||||\u00bb text_line_height=\u00bb2em\u00bb header_text_color=\u00bb#0c71c3&#8243; header_2_font=\u00bb|700|||||||\u00bb header_2_text_align=\u00bbleft\u00bb header_2_text_color=\u00bb#e0b8ff\u00bb header_2_line_height=\u00bb1.1em\u00bb header_3_font=\u00bb|600|||||||\u00bb header_3_text_color=\u00bb#0da0c5&#8243; width=\u00bb100%\u00bb module_alignment=\u00bbcenter\u00bb inline_fonts=\u00bbFredericka the Great,Fredoka One,Frank Ruhl Libre,Annie Use Your Telescope\u00bb global_colors_info=\u00bb{}\u00bb]<\/p>\n<h2 style=\"text-align: right;\"><span style=\"text-align: right;\"><span color=\"#8300e9\" face=\"Fredericka the Great\" size=\"6\" style=\"color: #8300e9; font-family: 'Fredericka the Great'; font-size: xx-large;\"><span style=\"font-weight: 400;\">Yassine Benmoussa y Abderrahim Hossny. <\/span><\/span><\/span><\/h2>\n<h2 style=\"text-align: right;\"><span style=\"text-align: right;\"><span style=\"color: #0da0c5; font-size: xx-large; font-family: 'Annie Use Your Telescope'; font-weight: bold;\">Cuando llegaron, eran ni\u00f1os con un pasado. <\/span><\/span><\/h2>\n<h2 style=\"text-align: right;\"><span style=\"text-align: right;\"><span style=\"color: #0da0c5; font-size: xx-large; font-family: 'Annie Use Your Telescope'; font-weight: bold;\">Ahora son dos j\u00f3venes con un futuro.<\/span><\/span><\/h2>\n<p>[\/et_pb_text][\/et_pb_column][\/et_pb_row][\/et_pb_section][et_pb_section fb_built=\u00bb1&#8243; _builder_version=\u00bb4.16&#8243; global_colors_info=\u00bb{}\u00bb][et_pb_row _builder_version=\u00bb4.16&#8243; custom_padding=\u00bb0px|||||\u00bb global_colors_info=\u00bb{}\u00bb][et_pb_column type=\u00bb4_4&#8243; _builder_version=\u00bb4.16&#8243; global_colors_info=\u00bb{}\u00bb][et_pb_text _builder_version=\u00bb4.16&#8243; min_height=\u00bb2126.3px\u00bb custom_padding=\u00bb0px|||||\u00bb inline_fonts=\u00bbAbril Fatface\u00bb global_colors_info=\u00bb{}\u00bb]<\/p>\n<p style=\"text-align: justify;\"><span style=\"font-family: Aleo; font-weight: normal; font-size: large;\">Yassine Benmoussa y Abderrahim Hossny son dos j\u00f3venes marroqu\u00edes que llegaron a nuestro pa\u00eds cuando a\u00fan eran menores de edad. Han sido, hasta hace escasos meses, eso que se ha venido llamando MENA: Menor Extranjero No Acompa\u00f1ado. Conversamos con ellos en una cafeter\u00eda de la zona baja de Algeciras, a escasos pasos de la Plaza de Abastos, lugar con una presencia imprescindible de la comunidad marroqu\u00ed a la que ellos tambi\u00e9n representan.<\/span><\/p>\n<p style=\"text-align: justify;\"><span style=\"font-family: Aleo; font-weight: normal; font-size: large;\">Hossny ha venido de vacaciones a ver a Yassine. Ambos estuvieron en el Campo de Gibraltar, residiendo en centros de acogida, pero no se conocieron hasta que coincidieron trabajando en Canarias. All\u00ed estuvieron en <a href=\"https:\/\/www.lamarea.com\/2020\/12\/22\/seis-claves-entender-crisis-migratoria-y-acogida-canarias\/\">los momentos m\u00e1s complejos<\/a> de llegadas de personas migrantes a las costas y fue all\u00ed donde se dieron cuenta de que hab\u00edan vivido en sitios distintos de la misma comarca.<\/span><\/p>\n<p style=\"text-align: justify;\"><span style=\"font-family: Aleo; font-weight: normal; font-size: large;\">Ambos pueden contar su experiencia en el tr\u00e1nsito, en un corto per\u00edodo de tiempo, de ser menores en acogida a trabajar como monitores.\u00a0Yassine tiene 19 a\u00f1os, Hossny, 18. De inmediato le propusieron trabajar en las islas como <span style=\"font-size: x-large;\"><span style=\"font-family: 'Abril Fatface';\">mediadores<\/span>.<\/span> Hossny a\u00fan contin\u00faa. Yassine volvi\u00f3 a Algeciras. Hablan con una madurez inusual para su edad.<\/span><\/p>\n<p style=\"text-align: justify;\"><span style=\"font-family: Aleo; font-weight: normal; font-size: large;\">Cuando les preguntamos qu\u00e9 significa para ellos la palabra MENA, Hossny, que es del norte de Marruecos, contesta: \u201cMenor es que tienes menos de 18 a\u00f1os, \u00bfno? Antes de venir ya sab\u00eda algunas palabras espa\u00f1olas\u201d. Les hacemos referencia a las campa\u00f1as contra los MENA, queremos saber hasta qu\u00e9 punto son conscientes de ser el centro de muchos <span style=\"font-family: 'Abril Fatface'; font-size: x-large;\">bulos y noticias falsas<\/span><strong>\u00a0<\/strong>en los \u00faltimos meses. Yassine nos contesta: \u201cYo todav\u00eda en Algeciras no he visto nada, pero en Madrid est\u00e1 saliendo mucho\u201d. Hossny est\u00e1 de acuerdo. Eso, en Madrid. Aqu\u00ed, no.<\/span><\/p>\n<p style=\"text-align: justify;\"><span style=\"font-family: Aleo; font-weight: normal; font-size: large;\">Nos trasladamos en la conversaci\u00f3n a su mayor\u00eda de edad, al momento de su salida del centro de acogida. Ellos quieren empezar su historia ah\u00ed, no cuando se fueron de Marruecos, ni siquiera cuando entraron en los centros. Ellos sienten que han empezado<\/span><span style=\"font-family: Aleo; font-weight: normal; font-size: large;\"><span style=\"font-family: 'Abril Fatface';\">\u00a0<span style=\"font-size: x-large;\">una nueva etapa<\/span><\/span><\/span><span style=\"font-family: Aleo; font-size: large;\">, una etapa como adultos, una etapa de futuro.<\/span><\/p>\n<p style=\"text-align: justify;\"><span style=\"font-family: Aleo; font-weight: normal; font-size: large;\">Yassine nos cuenta que sali\u00f3 del centro en agosto de 2019. \u201cLuego fui a un piso de mayor\u00eda de edad, me dieron un a\u00f1o, pero a los tres meses me fui.\u201d Estuvo trabajando de camarero, pero lo pusieron en un ERTE cuando empez\u00f3 la crisis sociosanitaria y nos confinaron. \u201cMe llamaron de Samu en agosto 2020 para ir a trabajar\u00bb, dice y a\u00f1ade: \u00abEllos <span style=\"font-size: x-large;\"><span style=\"font-family: 'Abril Fatface';\">me conocen<\/span>.<\/span> Estuve de traductor con ellos, cuando era menor, pintando y arreglando el centro tambi\u00e9n.\u201d<\/span><\/p>\n<p style=\"text-align: justify;\"><span style=\"font-family: Aleo; font-weight: normal; font-size: large;\">Yassine y Hossny tienen un diploma de mediador intercultural. Nos cuentan que todos los menores que viven en los centros, salen con uno. Pero \u00bfles gusta el trabajo?\u00a0<\/span><span style=\"font-family: Aleo; font-size: large;\">A Hossny lo trasladaron del centro directamente a Canarias. \u201cMe preguntaron si estaba interesado en trabajar. Digo que s\u00ed. Me encanta ese trabajo,\u00a0<\/span><span style=\"font-family: 'Abril Fatface'; font-size: x-large;\">me encanta ayudar a los chicos.<\/span><span style=\"font-family: Aleo; font-size: large;\"> Tambi\u00e9n he sido migrante en el centro, nosotros lo entendemos mejor que los espa\u00f1oles que vienen a trabajar con nosotros. Nosotros lo entendemos porque hemos pasado por eso\u00bb. <\/span><\/p>\n<p style=\"text-align: justify;\"><span style=\"font-family: Aleo; font-size: large;\">Yassine lo enfoca claramente: \u201cYo tambi\u00e9n he sido migrante como ellos. Como estos menores. Est\u00e1s cuidando a 60 ni\u00f1os, cuatro hacen ruido, el resto son buenos.\u201d A\u00f1ade que ellos, Hossny y \u00e9l, tienen que<\/span><span style=\"font-size: large; font-family: 'Abril Fatface';\">\u00a0<span style=\"font-size: x-large;\">dar ejemplo<\/span>.<\/span><span style=\"font-family: Aleo; font-size: large;\"> \u201cNosotros hablamos con ellos y ven que estamos <\/span><a style=\"font-family: Aleo; font-size: large;\" href=\"https:\/\/www.elsaltodiario.com\/migracion\/canarias-epicentro-de-la-europa-fortaleza-marca-espana\">arreglando nuestros papeles<\/a><span style=\"font-family: Aleo; font-size: large;\"> y que nos llaman para trabajar y eso\u201d, afirma.<\/span><\/p>\n<p style=\"text-align: justify;\"><span style=\"font-family: Aleo; font-weight: normal; font-size: large;\">Yassine considera que el personal de los centros de acogida deber\u00eda estar equilibrado entre mediadores marroqu\u00edes y espa\u00f1oles. Hossny nos dice que es muy importante que los <span style=\"font-family: 'Abril Fatface'; font-size: x-large;\">monitores<\/span> espa\u00f1oles te ense\u00f1en el idioma. En su experiencia como monitores destacan la importancia de la disciplina. Yassine afirma: \u201cYo cumpl\u00ed las normas, ellos tambi\u00e9n tienen que cumplirlas y saber c\u00f3mo van.\u201d Nos detalla a qu\u00e9 se refiere: \u201cCuando estamos en el centro cogemos el m\u00f3vil una hora al d\u00eda para hablar con la familia. Aprendes a que no es necesario todo el d\u00eda. Tienes que trabajar, tienes que estudiar. A las 8:30 te levantas, a las 9 desayunas, a las 10 limpieza, a las 11 taller, clase de espa\u00f1ol. Es importante tener una disciplina\u201d.<\/span><\/p>\n<p style=\"text-align: justify;\"><span style=\"font-family: Aleo; font-weight: normal; font-size: large;\">Vemos que a Yassine le gustaba el trabajo y nos confirma: \u201cEn Canarias, trabajando con los inmigrantes, todos los inmigrantes <span style=\"font-family: 'Abril Fatface'; font-size: x-large;\">me respetan<\/span>, todos me hacen caso. Si me pongo serio, se ponen serios. Cuando me fui todos estaban llorando. Se comportaban bien conmigo. Ahora hacen lo que les da la gana, no respetan a ninguno (risas).\u201d<\/span><\/p>\n<p style=\"text-align: justify;\"><span style=\"font-family: Aleo; font-weight: normal; font-size: large;\">Preguntamos si creen que a ellos los respetan m\u00e1s. Nos dicen que no consiste solo en normas, normas, normas. Hay m\u00e1s cosas.\u00a0Hossny nos dice: \u201cSi vas a decirles algo, te van a hacer caso. Si los tratas bien, te van a tratar bien.\u201d La clave est\u00e1 en hablar con ellos, de t\u00fa a t\u00fa.\u00a0<\/span><\/p>\n<p style=\"text-align: justify;\"><span style=\"font-family: Aleo; font-weight: normal; font-size: large;\">Ambos recuerdan cuando llegaron a Canarias. Yassine nos dice: \u201cToda la semana lloviendo, unos campamentos llenos de barro\u201d. Evocan\u00a0<a href=\"https:\/\/www.eldiario.es\/canariasahora\/migraciones\/rostros-crisis-migratoria-canarias_130_6628979.html\">algunas historias<\/a> de chicos concretos y se ponen tristes. Hossny dice que, en su \u00faltimo turno, \u201cun chico acababa de llegar a Canarias y se le muri\u00f3 su padre\u201d. Nos comentan que los chicos que han conocido en Canarias est\u00e1n m\u00e1s nerviosos que los que est\u00e1n en centros en el Campo de Gibraltar. No entendemos bien por qu\u00e9 y Hossny nos lo aclara: los chicos que est\u00e1n en las islas quieren llegar a la Pen\u00ednsula. \u201cTrasladan a uno o dos y los dem\u00e1s se quedan, pero todos quieren ir a la pen\u00ednsula\u00bb y a\u00f1aden: \u00abDicen que en Canarias todav\u00eda est\u00e1n en Marruecos.\u201d<\/span><\/p>\n<p style=\"text-align: justify;\"><span style=\"font-family: Aleo; font-weight: normal; font-size: large;\">Ellos lo entienden, pero ya est\u00e1n en <span style=\"font-family: 'Abril Fatface'; font-size: x-large;\">otro momento de su vida<\/span> y para ellos Canarias es otra cosa: \u201cla isla est\u00e1 guapa\u201d, dice Hossny, pero al mismo tiempo, a\u00f1ade Yassine, \u201cEn Canarias la vida es muy cara. 800 y algo con la luz y el agua. Viv\u00eda con dos personas. Te vas al supermercado y te quema.\u201d Estar all\u00ed trabajando es una experiencia diferente: por un lado, tienen autonom\u00eda; por otro, tienen que ganarse la vida\u00a0y su vida, la pagan ellos.<\/span><\/p>\n<p style=\"text-align: justify;\"><span style=\"font-family: Aleo; font-weight: normal; font-size: large;\">Hablando de pagar y de sus vidas como adultos, cerramos la conversaci\u00f3n. \u00bfAlg\u00fan plan de futuro? Tardan medio segundo en contestar. Yassine dice: \u201cYo quiero montar una tienda\u201d, y al mismo tiempo, Hossny afirma: \u201cMontar un negocio, una peluquer\u00eda. En Espa\u00f1a. Exactamente en M\u00e1laga. Me encanta M\u00e1laga. Tambi\u00e9n me gusta la peluquer\u00eda.\u201d Yassine bromea: \u201cYo me pelo solo.\u201d<\/span><\/p>\n<p style=\"text-align: justify;\"><span style=\"font-family: Aleo; font-weight: normal; font-size: large;\">Cuando le preguntamos a Yassine por la tienda nos explica que antes ten\u00eda <span style=\"font-family: 'Abril Fatface'; font-size: x-large;\">un plan<\/span>: \u201cIba a abrir una cafeter\u00eda aqu\u00ed en la Plaza Alta, con un chaval que viv\u00eda conmigo. En 2019. Me sal\u00eda un poco caro. Acababa de empezar, no pod\u00edamos. Ten\u00edamos una cantidad ahorrada entre los dos. Ahora pienso en una tienda que venda de todo. Por El Saladillo o La Bajadilla\u201d. Hossny a\u00f1ade: \u201cYo acabo de empezar a ahorrar.\u201d<\/span><\/p>\n<p style=\"text-align: justify;\"><span style=\"font-family: Aleo; font-weight: normal; font-size: large;\">Y empezamos a despedirnos. Lo cierto es que cuando llegaron, eran ni\u00f1os con un pasado. Ahora son dos j\u00f3venes con un futuro.<\/span><\/p>\n<p>[\/et_pb_text][\/et_pb_column][\/et_pb_row][et_pb_row _builder_version=\u00bb4.16&#8243; _module_preset=\u00bbdefault\u00bb global_colors_info=\u00bb{}\u00bb][et_pb_column type=\u00bb4_4&#8243; _builder_version=\u00bb4.16&#8243; _module_preset=\u00bbdefault\u00bb global_colors_info=\u00bb{}\u00bb][et_pb_text _builder_version=\u00bb4.16&#8243; _module_preset=\u00bbdefault\u00bb global_colors_info=\u00bb{}\u00bb]<\/p>\n<p>Otras historias de vida:<\/p>\n<ul>\n<li><a href=\"https:\/\/migrantesenigualdad.es\/index.php\/2021\/07\/09\/noura-una-historia-de-superacion\/\">Noura. Una historia de superaci\u00f3n.<\/a><\/li>\n<li><a href=\"https:\/\/migrantesenigualdad.es\/index.php\/2021\/09\/24\/leomary-diagnosticando-a-lo-afro\/\">Leomary. Diagnosticando a lo afro.<\/a><\/li>\n<\/ul>\n<p>&nbsp;<\/p>\n<p>[\/et_pb_text][\/et_pb_column][\/et_pb_row][\/et_pb_section]<\/p>\n","protected":false},"excerpt":{"rendered":"<p>Yassine Benmoussa y Abderrahim Hossny. Cuando llegaron, eran ni\u00f1os con un pasado. Ahora son dos j\u00f3venes con un futuro.Yassine Benmoussa y Abderrahim Hossny son dos j\u00f3venes marroqu\u00edes que llegaron a nuestro pa\u00eds cuando a\u00fan eran menores de edad. Han sido, hasta hace escasos meses, eso que se ha venido llamando MENA: Menor Extranjero No Acompa\u00f1ado. [&hellip;]<\/p>\n","protected":false},"author":1,"featured_media":1642,"comment_status":"open","ping_status":"closed","sticky":false,"template":"","format":"standard","meta":{"_et_pb_use_builder":"on","_et_pb_old_content":"","_et_gb_content_width":"","_jetpack_newsletter_access":"","_jetpack_dont_email_post_to_subs":false,"_jetpack_newsletter_tier_id":0,"_jetpack_memberships_contains_paywalled_content":false,"_jetpack_feature_clip_id":0,"_jetpack_memberships_contains_paid_content":false,"footnotes":"","jetpack_post_was_ever_published":false},"categories":[189],"tags":[33,46,38,37,63,14,48],"class_list":["post-1572","post","type-post","status-publish","format-standard","has-post-thumbnail","hentry","category-historias-de-vida","tag-alteridad","tag-buenas-practicas","tag-convivencia","tag-empatia","tag-historias-de-vida","tag-migrantes","tag-pueblo"],"jetpack_sharing_enabled":true,"jetpack_featured_media_url":"https:\/\/i0.wp.com\/migrantesenigualdad.es\/wp-content\/uploads\/2021\/06\/Yassine-y-Hossny.png?fit=806%2C496&ssl=1","post_mailing_queue_ids":[],"_links":{"self":[{"href":"https:\/\/migrantesenigualdad.es\/index.php\/wp-json\/wp\/v2\/posts\/1572","targetHints":{"allow":["GET"]}}],"collection":[{"href":"https:\/\/migrantesenigualdad.es\/index.php\/wp-json\/wp\/v2\/posts"}],"about":[{"href":"https:\/\/migrantesenigualdad.es\/index.php\/wp-json\/wp\/v2\/types\/post"}],"author":[{"embeddable":true,"href":"https:\/\/migrantesenigualdad.es\/index.php\/wp-json\/wp\/v2\/users\/1"}],"replies":[{"embeddable":true,"href":"https:\/\/migrantesenigualdad.es\/index.php\/wp-json\/wp\/v2\/comments?post=1572"}],"version-history":[{"count":0,"href":"https:\/\/migrantesenigualdad.es\/index.php\/wp-json\/wp\/v2\/posts\/1572\/revisions"}],"wp:featuredmedia":[{"embeddable":true,"href":"https:\/\/migrantesenigualdad.es\/index.php\/wp-json\/wp\/v2\/media\/1642"}],"wp:attachment":[{"href":"https:\/\/migrantesenigualdad.es\/index.php\/wp-json\/wp\/v2\/media?parent=1572"}],"wp:term":[{"taxonomy":"category","embeddable":true,"href":"https:\/\/migrantesenigualdad.es\/index.php\/wp-json\/wp\/v2\/categories?post=1572"},{"taxonomy":"post_tag","embeddable":true,"href":"https:\/\/migrantesenigualdad.es\/index.php\/wp-json\/wp\/v2\/tags?post=1572"}],"curies":[{"name":"wp","href":"https:\/\/api.w.org\/{rel}","templated":true}]}}