{"id":1549,"date":"2021-06-11T10:58:43","date_gmt":"2021-06-11T10:58:43","guid":{"rendered":"https:\/\/migrantesenigualdad.es\/?p=1549"},"modified":"2021-07-22T07:50:25","modified_gmt":"2021-07-22T07:50:25","slug":"buenas-practicas-en-prensa-2-el-faro-de-ceuta","status":"publish","type":"post","link":"https:\/\/migrantesenigualdad.es\/index.php\/2021\/06\/11\/buenas-practicas-en-prensa-2-el-faro-de-ceuta\/","title":{"rendered":"Buenas pr\u00e1cticas en prensa 2. De aparcacoches y atrapado\u2026 (08\/06\/21)"},"content":{"rendered":"<p>[et_pb_section fb_built=\u00bb1&#8243; _builder_version=\u00bb3.22&#8243; custom_padding=\u00bb0px|||||\u00bb][et_pb_row _builder_version=\u00bb4.2.2&#8243; custom_padding=\u00bb0px|||||\u00bb][et_pb_column type=\u00bb4_4&#8243; _builder_version=\u00bb4.2.2&#8243;][et_pb_text _builder_version=\u00bb4.2.2&#8243; custom_margin=\u00bb0px||0px||false|false\u00bb custom_padding=\u00bb4px|||||\u00bb inline_fonts=\u00bbAbril Fatface,Aleo\u00bb]<\/p>\n<h1 style=\"text-align: justify;\"><span style=\"font-family: Aleo; font-weight: normal; font-size: large;\">El Observatorio de Migrantes en igualdad analiza hoy una <span style=\"text-decoration: underline;\"><span style=\"color: #3366ff;\"><a style=\"color: #3366ff; text-decoration: underline;\" href=\"https:\/\/elfarodeceuta.es\/aparcacoches-atrapado-mecanico-almeria\/\">noticia de El Faro de Ceuta<\/a><\/span><\/span> siguiendo las recomendaciones de la <span style=\"text-decoration: underline;\"><span style=\"color: #3366ff;\"><a style=\"color: #3366ff;\" href=\"https:\/\/www.inclusion.gob.es\/oberaxe\/es\/publicaciones\/documentos\/documento_0066.htm\"><em>Gu\u00eda pr\u00e1ctica para los profesionales de los medios de comunicaci\u00f3n: tratamiento medi\u00e1tico de la inmigraci\u00f3n<\/em><\/a><\/span><\/span> publicada por el <a href=\"https:\/\/www.inclusion.gob.es\/oberaxe\/es\/index.htm\"><span style=\"color: #3366ff; text-decoration: underline;\">Observatorio Espa\u00f1ol del Racismo y la Xenofobia (OBERAXE)<\/span><\/a><\/span><\/h1>\n<blockquote class=\"wp-embedded-content\" data-secret=\"JTEsJ5IhA7\"><p><a href=\"https:\/\/elfarodeceuta.es\/aparcacoches-atrapado-mecanico-almeria\/\">De aparcacoches y atrapado, a mec\u00e1nico en Almer\u00eda<\/a><\/p><\/blockquote>\n<p><iframe loading=\"lazy\" class=\"wp-embedded-content\" sandbox=\"allow-scripts\" security=\"restricted\" style=\"position: absolute; clip: rect(1px, 1px, 1px, 1px);\" title=\"\u00abDe aparcacoches y atrapado, a mec\u00e1nico en Almer\u00eda\u00bb \u2014 El Faro de Ceuta\" src=\"https:\/\/elfarodeceuta.es\/aparcacoches-atrapado-mecanico-almeria\/embed\/#?secret=JTEsJ5IhA7\" data-secret=\"JTEsJ5IhA7\" width=\"600\" height=\"338\" frameborder=\"0\" marginwidth=\"0\" marginheight=\"0\" scrolling=\"no\"><\/iframe><\/p>\n<p>&nbsp;<\/p>\n<p>[\/et_pb_text][et_pb_image src=\u00bbhttps:\/\/migrantesenigualdad.es\/wp-content\/uploads\/2021\/06\/2-Analisis-de-buenas-practicas.png\u00bb _builder_version=\u00bb4.2.2&#8243;][\/et_pb_image][et_pb_text _builder_version=\u00bb4.2.2&#8243; custom_margin=\u00bb0px||0px||false|false\u00bb custom_padding=\u00bb4px|||||\u00bb inline_fonts=\u00bbAbril Fatface\u00bb]<\/p>\n<h1 style=\"text-align: justify;\"><span style=\"font-family: 'Abril Fatface'; font-weight: normal; font-size: xx-large;\">De aparcacoches y atrapado, a mec\u00e1nico en Almer\u00eda<\/span><\/h1>\n<p>&nbsp;<\/p>\n<p>[\/et_pb_text][et_pb_text _builder_version=\u00bb4.2.2&#8243; min_height=\u00bb100px\u00bb custom_margin=\u00bb||0px||false|false\u00bb custom_padding=\u00bb0px||||false|false\u00bb inline_fonts=\u00bbAbril Fatface\u00bb]<\/p>\n<p style=\"text-align: justify;\"><span style=\"font-family: 'Abril Fatface'; font-size: x-large;\"><span style=\"color: #ff914d;\">Mohamed Tusani y su amigo Aziz consiguieron cruzar a la Pen\u00ednsula hace 10 meses tras 4 horas remando desde Ceuta.<\/span> <span style=\"color: #ff5757;\">Mohamed ahora ha cumplido un sue\u00f1o: trabajar de mec\u00e1nico en un taller.<\/span><\/span><\/p>\n<p>[\/et_pb_text][et_pb_text _builder_version=\u00bb4.2.2&#8243; text_font=\u00bb||||||||\u00bb text_line_height=\u00bb2em\u00bb header_text_color=\u00bb#0c71c3&#8243; header_2_font=\u00bb|700|||||||\u00bb header_2_text_align=\u00bbleft\u00bb header_2_text_color=\u00bb#e0b8ff\u00bb header_2_line_height=\u00bb1.1em\u00bb header_3_font=\u00bb|600|||||||\u00bb header_3_text_color=\u00bb#0da0c5&#8243; width=\u00bb100%\u00bb module_alignment=\u00bbcenter\u00bb custom_margin=\u00bb0px||0px||false|false\u00bb custom_padding=\u00bb25px||||false|false\u00bb inline_fonts=\u00bbFredericka the Great,Fredoka One,Frank Ruhl Libre,Annie Use Your Telescope,Aleo\u00bb]<\/p>\n<p style=\"text-align: justify;\"><span style=\"font-family: Aleo; font-weight: normal; font-size: large;\"><strong><span style=\"color: #7ed957;\">A Mohamed Tusani<\/span><\/strong> siempre le apasion\u00f3 la mec\u00e1nica, pero la vida le hizo trabajar en lo que le sal\u00eda. No ha sido precisamente hasta hace un par de meses cuando <strong><span style=\"color: #38b6ff;\">Mohamed ha conseguido aprender a hacer de todo en el taller en el que ahora trabaja, excepto chapa y pintura. Sabe que cada d\u00eda salen al mercado coches m\u00e1s complejos y por ello, aunque reconoce que lo que le gusta es la mec\u00e1nica ya que de electricidad no entiende mucho<\/span><\/strong>, es consciente de que hay que aprender de todo \u201cte guste m\u00e1s o menos\u201d. <\/span><\/p>\n<p style=\"text-align: justify;\"><span style=\"font-family: Aleo; font-weight: normal; font-size: large;\"><strong><span style=\"color: #38b6ff;\">Solo va a trabajar d\u00edas alternos porque \u201cno todos los d\u00edas hay trabajo suficiente para todos\u201d<\/span><\/strong>, pero <strong><span style=\"color: #ff5757;\">est\u00e1 feliz de haber podido cumplir su sue\u00f1o y conseguir \u201calgo de dinero\u201d para poder enviarle a su \u201chumilde\u201d familia que sigue en Marruecos. <\/span><\/strong><\/span><\/p>\n<p style=\"text-align: justify;\"><span style=\"font-family: Aleo; font-weight: normal; font-size: large;\"><strong><span style=\"color: #7ed957;\">A Mohamed<\/span> <span style=\"color: #38b6ff;\">la vida no se lo ha puesto f\u00e1cil y es que a sus 35 a\u00f1os ha trabajado en todo<\/span><\/strong>. Entraba y sal\u00eda cada d\u00eda de Ceuta para ganarse la vida como aparcacoches en el centro \u201ca las traseras de la Delegaci\u00f3n del Gobierno, donde est\u00e1 la empresa de la luz\u201d en la calle General Serrano Orive. <\/span><\/p>\n<p style=\"text-align: justify;\"><span style=\"font-family: Aleo; font-weight: normal; font-size: large;\"><strong><span style=\"color: #7ed957;\">\u201cCada d\u00eda ven\u00eda a Ceuta<\/span><\/strong> a buscarme la vida y cuando cerr\u00f3 la frontera<strong><span style=\"color: #7ed957;\"> me qued\u00e9 atrapado<\/span><\/strong>. <strong><span style=\"color: #7ed957;\">Trabaj\u00e9 en el Cine \u00c1frica<\/span><\/strong> tambi\u00e9n de aparcacoches y despu\u00e9s estuve en el de Delegaci\u00f3n, por ah\u00ed, muchos a\u00f1os. Yo<strong><span style=\"color: #7ed957;\"> empec\u00e9 a trabajar<\/span><\/strong> en Ceuta de muy joven hace 12. Pero cuando cerraron la frontera no ten\u00eda d\u00f3nde quedarme y estuve varios d\u00edas en la calle hasta que Sabah nos acogi\u00f3 en su casa. <strong><span style=\"color: #ff914d;\">Sacaba poco dinero, pero no pod\u00eda salir a Marruecos y tampoco quer\u00eda porque mi familia depende de lo que yo gane\u201d<\/span><\/strong>,<strong><span style=\"color: #7ed957;\"> explica a El Faro<\/span><\/strong>. <\/span><\/p>\n<p style=\"text-align: justify;\"><span style=\"font-size: large;\"><strong><span style=\"font-family: Aleo;\">\u201cCada d\u00eda ven\u00eda a Ceuta a buscarme la vida y cuando cerr\u00f3 la frontera me qued\u00e9 atrapado\u201d <\/span><\/strong><\/span><\/p>\n<p style=\"text-align: justify;\"><span style=\"font-family: Aleo; font-weight: normal; font-size: large;\"><strong><span style=\"color: #7ed957;\">No le resulta f\u00e1cil estar \u201clejos de la familia\u201d,<\/span><\/strong> pero el pasado agosto de 2020 <strong><span style=\"color: #7ed957;\">consigui\u00f3 llegar hasta la Pen\u00ednsula \u00e9l y \u201cotro compa\u00f1ero\u201d, Aziz<\/span><\/strong>. <strong><span style=\"color: #cb6ce6;\">El tiempo pasaba y la desesperaci\u00f3n de estar atrapados les hizo no poder esperar m\u00e1s. <\/span><\/strong><\/span><\/p>\n<p style=\"text-align: justify;\"><span style=\"font-family: Aleo; font-weight: normal; font-size: large;\">La traves\u00eda tampoco fue f\u00e1cil: \u201c<strong><span style=\"color: #7ed957;\">Llev\u00e1bamos<\/span><\/strong> mucho tiempo ya en Ceuta y lo \u00fanico que <strong><span style=\"color: #7ed957;\">ten\u00edamos<\/span><\/strong> en la cabeza era irnos. <strong><span style=\"color: #7ed957;\">Compramos<\/span><\/strong> un kayak y <strong><span style=\"color: #7ed957;\">nos tiramos<\/span><\/strong> al mar que estaba que no veas. <strong><span style=\"color: #7ed957;\">Tardamos<\/span><\/strong> en llegar cuatro horas. <strong><span style=\"color: #7ed957;\">\u00cdbamos llorando<\/span><\/strong>, con mucha lluvia mucho miedo y cansados de remar y remar hasta que nos cogi\u00f3 Salvamento y nos llev\u00f3 hasta La L\u00ednea. <strong><span style=\"color: #cb6ce6;\">All\u00ed cogimos un autocar hasta Algeciras y de ah\u00ed otro hasta Almer\u00eda, donde vivimos ahora y nos estamos buscando la vida\u201d. <\/span><\/strong><\/span><\/p>\n<p style=\"text-align: justify;\"><span style=\"font-size: large; color: #ff914d;\"><strong><span style=\"font-family: Aleo;\">\u201cLlev\u00e1bamos mucho tiempo ya en Ceuta y lo \u00fanico que ten\u00edamos en la cabeza era irnos\u201d. <\/span><\/strong><\/span><\/p>\n<p style=\"text-align: justify;\"><span style=\"font-family: Aleo; font-weight: normal; font-size: large;\">Ahora tampoco es que gane mucho m\u00e1s que como aparcacoches, pero le da para pagar la casa en la que vive junto a otros cinco marroqu\u00edes en Almer\u00eda, <strong><span style=\"color: #7ed957;\">entre ellos Aziz<\/span><\/strong>, <strong><span style=\"color: #38b6ff;\">que ha encontrado trabajo como panadero <\/span><\/strong>y que anteriormente \u201crecog\u00eda cosas en la agricultura aqu\u00ed en Almer\u00eda\u201d. <\/span><\/p>\n<p style=\"text-align: justify;\"><span style=\"font-family: Aleo; font-weight: normal; font-size: large;\">Ellos son la voz de la frontera entre dos pa\u00edses, son historias de \u00e9xito, con final feliz, el que no tuvieron los que perdieron su vida tratando de cruzar el Mediterr\u00e1neo, o los que una vez en la Pen\u00ednsula han sido deportados. <strong><span style=\"color: #cb6ce6;\">\u201cPor ahora queremos seguir viviendo aqu\u00ed para mandar algo a la familia en Marruecos\u201d<\/span><\/strong>.<\/span><\/p>\n<p>&nbsp;<\/p>\n<p>[\/et_pb_text][\/et_pb_column][\/et_pb_row][\/et_pb_section]<\/p>\n","protected":false},"excerpt":{"rendered":"<p>El Observatorio de Migrantes en igualdad analiza hoy una noticia de El Faro de Ceuta siguiendo las recomendaciones de la Gu\u00eda pr\u00e1ctica para los profesionales de los medios de comunicaci\u00f3n: tratamiento medi\u00e1tico de la inmigraci\u00f3n publicada por el Observatorio Espa\u00f1ol del Racismo y la Xenofobia (OBERAXE) https:\/\/elfarodeceuta.es\/aparcacoches-atrapado-mecanico-almeria\/ &nbsp;De aparcacoches y atrapado, a mec\u00e1nico en Almer\u00eda [&hellip;]<\/p>\n","protected":false},"author":1,"featured_media":1646,"comment_status":"open","ping_status":"closed","sticky":false,"template":"","format":"standard","meta":{"_et_pb_use_builder":"on","_et_pb_old_content":"","_et_gb_content_width":"","_jetpack_newsletter_access":"","_jetpack_dont_email_post_to_subs":false,"_jetpack_newsletter_tier_id":0,"_jetpack_memberships_contains_paywalled_content":false,"_jetpack_feature_clip_id":0,"_jetpack_memberships_contains_paid_content":false,"footnotes":"","jetpack_post_was_ever_published":false},"categories":[26],"tags":[13,46,42,37,14,45,44,43],"class_list":["post-1549","post","type-post","status-publish","format-standard","has-post-thumbnail","hentry","category-observatorio","tag-antirracismo","tag-buenas-practicas","tag-ceuta","tag-empatia","tag-migrantes","tag-observatorio","tag-periodismo","tag-prensa"],"jetpack_sharing_enabled":true,"jetpack_featured_media_url":"https:\/\/i0.wp.com\/migrantesenigualdad.es\/wp-content\/uploads\/2021\/06\/Buenas-practicas-II.gif?fit=806%2C496&ssl=1","post_mailing_queue_ids":[],"_links":{"self":[{"href":"https:\/\/migrantesenigualdad.es\/index.php\/wp-json\/wp\/v2\/posts\/1549","targetHints":{"allow":["GET"]}}],"collection":[{"href":"https:\/\/migrantesenigualdad.es\/index.php\/wp-json\/wp\/v2\/posts"}],"about":[{"href":"https:\/\/migrantesenigualdad.es\/index.php\/wp-json\/wp\/v2\/types\/post"}],"author":[{"embeddable":true,"href":"https:\/\/migrantesenigualdad.es\/index.php\/wp-json\/wp\/v2\/users\/1"}],"replies":[{"embeddable":true,"href":"https:\/\/migrantesenigualdad.es\/index.php\/wp-json\/wp\/v2\/comments?post=1549"}],"version-history":[{"count":0,"href":"https:\/\/migrantesenigualdad.es\/index.php\/wp-json\/wp\/v2\/posts\/1549\/revisions"}],"wp:featuredmedia":[{"embeddable":true,"href":"https:\/\/migrantesenigualdad.es\/index.php\/wp-json\/wp\/v2\/media\/1646"}],"wp:attachment":[{"href":"https:\/\/migrantesenigualdad.es\/index.php\/wp-json\/wp\/v2\/media?parent=1549"}],"wp:term":[{"taxonomy":"category","embeddable":true,"href":"https:\/\/migrantesenigualdad.es\/index.php\/wp-json\/wp\/v2\/categories?post=1549"},{"taxonomy":"post_tag","embeddable":true,"href":"https:\/\/migrantesenigualdad.es\/index.php\/wp-json\/wp\/v2\/tags?post=1549"}],"curies":[{"name":"wp","href":"https:\/\/api.w.org\/{rel}","templated":true}]}}