{"id":1494,"date":"2021-06-07T10:39:36","date_gmt":"2021-06-07T10:39:36","guid":{"rendered":"https:\/\/migrantesenigualdad.es\/?p=1494"},"modified":"2025-02-07T13:56:55","modified_gmt":"2025-02-07T11:56:55","slug":"te-podria-pasar-a-ti-el-chivo-expiatorio","status":"publish","type":"post","link":"https:\/\/migrantesenigualdad.es\/index.php\/2021\/06\/07\/te-podria-pasar-a-ti-el-chivo-expiatorio\/","title":{"rendered":"Te podr\u00eda pasar a ti. El chivo expiatorio."},"content":{"rendered":"<p>[et_pb_section fb_built=\u00bb1&#8243; _builder_version=\u00bb4.16&#8243; custom_padding=\u00bb0px|||||\u00bb global_colors_info=\u00bb{}\u00bb theme_builder_area=\u00bbpost_content\u00bb][et_pb_row _builder_version=\u00bb4.16&#8243; background_size=\u00bbinitial\u00bb background_position=\u00bbtop_left\u00bb background_repeat=\u00bbrepeat\u00bb min_height=\u00bb100px\u00bb custom_margin=\u00bb||0px||false|false\u00bb global_colors_info=\u00bb{}\u00bb theme_builder_area=\u00bbpost_content\u00bb][et_pb_column type=\u00bb4_4&#8243; _builder_version=\u00bb4.16&#8243; custom_padding=\u00bb|||\u00bb global_colors_info=\u00bb{}\u00bb custom_padding__hover=\u00bb|||\u00bb theme_builder_area=\u00bbpost_content\u00bb][et_pb_text _builder_version=\u00bb4.16&#8243; text_font=\u00bb||||||||\u00bb text_line_height=\u00bb2em\u00bb header_text_color=\u00bb#0c71c3&#8243; header_2_font=\u00bb|700|||||||\u00bb header_2_text_align=\u00bbleft\u00bb header_2_text_color=\u00bb#e0b8ff\u00bb header_2_line_height=\u00bb1.1em\u00bb header_3_font=\u00bb|600|||||||\u00bb header_3_text_color=\u00bb#0da0c5&#8243; width=\u00bb100%\u00bb module_alignment=\u00bbcenter\u00bb inline_fonts=\u00bbFredericka the Great,Fredoka One,Frank Ruhl Libre,Annie Use Your Telescope\u00bb global_colors_info=\u00bb{}\u00bb theme_builder_area=\u00bbpost_content\u00bb]<\/p>\n<h2><span style=\"font-family: Fredericka the Great; font-weight: normal; font-size: xx-large; color: #8300e9;\"><\/span><\/h2>\n<p style=\"text-align: right;\"><span style=\"font-size: xx-large;\"><strong><span style=\"font-family: 'Annie Use Your Telescope';\">\u00a0\u00a0<span style=\"color: #0da0c5;\">\u201cAlguien ten\u00eda que haber calumniado a Josef K, <\/span><\/span><\/strong><\/span><\/p>\n<p style=\"text-align: right;\"><strong style=\"font-family: 'Annie Use Your Telescope'; color: #e0b8ff; text-align: right; font-size: xx-large;\"><span style=\"color: #0da0c5;\"><span style=\"font-size: xx-large;\"><strong><span style=\"font-family: 'Annie Use Your Telescope';\">pues fue detenido\u00a0 una ma\u00f1ana sin haber hecho nada malo\u00bb<\/span><\/strong><\/span>\u00a0<\/span><\/strong><\/p>\n<p style=\"text-align: right;\"><span style=\"color: #0da0c5; font-family: 'Fredericka the Great'; font-size: xx-large;\"><span style=\"color: #7f00e8;\">Franz Kafka,<em> El proceso.<\/em><\/span><\/span><\/p>\n<p>[\/et_pb_text][\/et_pb_column][\/et_pb_row][et_pb_row column_structure=\u00bb1_2,1_2&#8243; _builder_version=\u00bb4.16&#8243; background_size=\u00bbinitial\u00bb background_position=\u00bbtop_left\u00bb background_repeat=\u00bbrepeat\u00bb custom_margin=\u00bb|auto|-47px|auto|false|false\u00bb custom_padding=\u00bb0px|||||\u00bb global_colors_info=\u00bb{}\u00bb theme_builder_area=\u00bbpost_content\u00bb][et_pb_column type=\u00bb1_2&#8243; _builder_version=\u00bb4.16&#8243; custom_padding=\u00bb|||\u00bb global_colors_info=\u00bb{}\u00bb custom_padding__hover=\u00bb|||\u00bb theme_builder_area=\u00bbpost_content\u00bb][et_pb_image src=\u00bbhttps:\/\/migrantesenigualdad.es\/wp-content\/uploads\/2021\/06\/brexit-4.jpg\u00bb _builder_version=\u00bb4.16&#8243; global_colors_info=\u00bb{}\u00bb theme_builder_area=\u00bbpost_content\u00bb][\/et_pb_image][\/et_pb_column][et_pb_column type=\u00bb1_2&#8243; _builder_version=\u00bb4.16&#8243; custom_padding=\u00bb|||\u00bb global_colors_info=\u00bb{}\u00bb custom_padding__hover=\u00bb|||\u00bb theme_builder_area=\u00bbpost_content\u00bb][et_pb_text _builder_version=\u00bb4.16&#8243; background_size=\u00bbinitial\u00bb background_position=\u00bbtop_left\u00bb background_repeat=\u00bbrepeat\u00bb inline_fonts=\u00bbAbril Fatface,Abel\u00bb global_colors_info=\u00bb{}\u00bb theme_builder_area=\u00bbpost_content\u00bb]<\/p>\n<p style=\"text-align: justify;\"><span style=\"font-size: large;\"><span style=\"font-family: inherit; font-weight: normal;\"><span><span style=\"font-family: 'Abril Fatface'; font-weight: normal; font-size: x-large;\"><\/span><\/span><\/span><\/span><\/p>\n<p style=\"text-align: justify;\"><span style=\"font-size: large;\"><span style=\"font-family: inherit; font-weight: normal;\"><span><span style=\"font-family: 'Abril Fatface'; font-weight: normal; font-size: x-large;\"><\/span><\/span><\/span><\/span><\/p>\n<p style=\"text-align: justify;\"><span style=\"font-size: large;\"><span style=\"font-family: inherit; font-weight: normal;\"><span><span style=\"font-family: 'Abril Fatface'; font-weight: normal; font-size: x-large;\"><\/span><\/span><\/span><\/span><\/p>\n<p style=\"text-align: justify;\"><span style=\"font-family: 'Abril Fatface'; font-size: x-large;\">Ana<\/span><span style=\"font-size: 18px; font-family: inherit;\"> llevaba ya unos a\u00f1os viviendo en una ciudad inglesa. Trabajaba en la hosteler\u00eda o en una tienda, o quiz\u00e1s era contable en una empresa, camarera de piso por temporadas o qu\u00edmica en un laboratorio, puede que enfermera en un hospital o estaba casada con una persona inglesa de cierta posici\u00f3n.\u00a0<\/span><\/p>\n<p>[\/et_pb_text][\/et_pb_column][\/et_pb_row][et_pb_row _builder_version=\u00bb4.16&#8243; background_size=\u00bbinitial\u00bb background_position=\u00bbtop_left\u00bb background_repeat=\u00bbrepeat\u00bb custom_margin=\u00bb35px|auto|-55px|auto|false|false\u00bb custom_padding=\u00bb0px|||||\u00bb global_colors_info=\u00bb{}\u00bb theme_builder_area=\u00bbpost_content\u00bb][et_pb_column type=\u00bb4_4&#8243; _builder_version=\u00bb4.16&#8243; custom_padding=\u00bb|||\u00bb global_colors_info=\u00bb{}\u00bb custom_padding__hover=\u00bb|||\u00bb theme_builder_area=\u00bbpost_content\u00bb][et_pb_text _builder_version=\u00bb4.16&#8243; background_size=\u00bbinitial\u00bb background_position=\u00bbtop_left\u00bb background_repeat=\u00bbrepeat\u00bb inline_fonts=\u00bbAbril Fatface,Abel\u00bb global_colors_info=\u00bb{}\u00bb theme_builder_area=\u00bbpost_content\u00bb]<\/p>\n<p style=\"text-align: justify;\"><span style=\"font-size: large;\"><span style=\"font-family: inherit; font-weight: normal;\"><span>Le gustaba su ciudad, ten\u00eda sus amistades y sus sitios favoritos. En la \u00e9poca del refer\u00e9ndum que desemboc\u00f3 en lo que luego se conoci\u00f3 como <em>Brexit<\/em>, hab\u00eda un <span style=\"font-family: 'Abril Fatface'; font-weight: normal; font-size: x-large;\">ambiente algo extra\u00f1o, exaltado, tenso<\/span>. Ana empez\u00f3 a escuchar comentarios que nunca hab\u00eda o\u00eddo antes sobre los pa\u00edses del sur de Europa. Ella estaba acostumbrada a que le hablaran de las playas de Espa\u00f1a, de su sol, de su buena comida. Cuando ella dec\u00eda que era de un pueblo andaluz, sol\u00eda encontrarse una sonrisa de simpat\u00eda como respuesta.<\/span><\/span><br \/> <\/span><\/p>\n<p>[\/et_pb_text][et_pb_text _builder_version=\u00bb4.16&#8243; background_size=\u00bbinitial\u00bb background_position=\u00bbtop_left\u00bb background_repeat=\u00bbrepeat\u00bb locked=\u00bboff\u00bb inline_fonts=\u00bbAbril Fatface,Abel\u00bb global_colors_info=\u00bb{}\u00bb theme_builder_area=\u00bbpost_content\u00bb]<\/p>\n<p style=\"text-align: justify;\"><span style=\"font-size: large;\"><span style=\"font-family: inherit; font-weight: normal;\">En estos d\u00edas previos al refer\u00e9ndum, sin embargo, empez\u00f3 a notar <span style=\"font-family: 'Abril Fatface'; font-size: x-large;\">miradas de recelo<\/span>. En las noticias, escuch\u00f3 declaraciones de personas p\u00fablicas que hablaban de la falta de empleo en el pa\u00eds y de la sobrecarga del sistema p\u00fablico. Hasta entonces, la mayor\u00eda de la gente achacaba todos estos problemas a<span style=\"font-family: 'Abril Fatface'; font-size: x-large;\"> los recortes,\u00a0<\/span>o medidas de austeridad, que se llevaban implantando desde hac\u00eda a\u00f1os y que hab\u00edan dejado los servicios p\u00fablicos progresivamente con menos y menos recursos. Pero ahora, mucha gente hab\u00eda dejado de hablar de recortes para hablar de <span style=\"font-family: 'Abril Fatface'; font-size: x-large;\">las personas extranjeras<\/span> en su pa\u00eds.<\/span><br \/> <\/span><\/p>\n<p>[\/et_pb_text][et_pb_text _builder_version=\u00bb4.16&#8243; background_size=\u00bbinitial\u00bb background_position=\u00bbtop_left\u00bb background_repeat=\u00bbrepeat\u00bb inline_fonts=\u00bbAbril Fatface,Abel,Abhaya Libre\u00bb global_colors_info=\u00bb{}\u00bb theme_builder_area=\u00bbpost_content\u00bb]<\/p>\n<p style=\"text-align: justify;\"><span style=\"font-size: large;\"><span style=\"font-family: inherit; font-weight: normal;\">El d\u00eda que a Ana le llamaron \u201ccerda\u201d, se qued\u00f3 de piedra. Era una de las \u201ccerdas\u201d, <em>pigs <\/em>en ingl\u00e9s. Algunos dirigentes pol\u00edticos le hab\u00edan puesto motes a la gente de Portugal, Italia, Grecia y Espa\u00f1a: PIGS (<em>Portuguese, Italian, Greek, Spanish<\/em>). Alguien le dijo a Ana que hab\u00eda ido a <span style=\"font-family: 'Abril Fatface'; font-size: x-large;\">un pa\u00eds que no era el suyo<\/span> a robar el trabajo, le dijeron que por su culpa hab\u00eda listas de espera en atenci\u00f3n primaria en los centros de salud y las clases las escuelas ten\u00edan m\u00e1s alumnas\/os por aulas de las\/os que caben en ellas.<\/span><br \/> <\/span><\/p>\n<p>[\/et_pb_text][\/et_pb_column][\/et_pb_row][et_pb_row _builder_version=\u00bb4.16&#8243; background_size=\u00bbinitial\u00bb background_position=\u00bbtop_left\u00bb background_repeat=\u00bbrepeat\u00bb custom_margin=\u00bb35px|auto|-55px|auto|false|false\u00bb custom_padding=\u00bb0px|||||\u00bb global_colors_info=\u00bb{}\u00bb theme_builder_area=\u00bbpost_content\u00bb][et_pb_column type=\u00bb4_4&#8243; _builder_version=\u00bb4.16&#8243; custom_padding=\u00bb|||\u00bb global_colors_info=\u00bb{}\u00bb custom_padding__hover=\u00bb|||\u00bb theme_builder_area=\u00bbpost_content\u00bb][et_pb_image src=\u00bbhttps:\/\/migrantesenigualdad.es\/wp-content\/uploads\/2021\/06\/brexit-2.png\u00bb align=\u00bbcenter\u00bb _builder_version=\u00bb4.16&#8243; width=\u00bb89%\u00bb global_colors_info=\u00bb{}\u00bb theme_builder_area=\u00bbpost_content\u00bb][\/et_pb_image][et_pb_image _builder_version=\u00bb4.27.4&#8243; hover_enabled=\u00bb0&#8243; global_colors_info=\u00bb{}\u00bb theme_builder_area=\u00bbpost_content\u00bb sticky_enabled=\u00bb0&#8243;][\/et_pb_image][\/et_pb_column][\/et_pb_row][et_pb_row _builder_version=\u00bb4.16&#8243; background_size=\u00bbinitial\u00bb background_position=\u00bbtop_left\u00bb background_repeat=\u00bbrepeat\u00bb custom_margin=\u00bb35px|auto|-55px|auto|false|false\u00bb custom_padding=\u00bb0px|||||\u00bb global_colors_info=\u00bb{}\u00bb theme_builder_area=\u00bbpost_content\u00bb][et_pb_column type=\u00bb4_4&#8243; _builder_version=\u00bb4.16&#8243; custom_padding=\u00bb|||\u00bb global_colors_info=\u00bb{}\u00bb custom_padding__hover=\u00bb|||\u00bb theme_builder_area=\u00bbpost_content\u00bb][et_pb_text _builder_version=\u00bb4.16&#8243; background_size=\u00bbinitial\u00bb background_position=\u00bbtop_left\u00bb background_repeat=\u00bbrepeat\u00bb inline_fonts=\u00bbAbril Fatface,Abel\u00bb global_colors_info=\u00bb{}\u00bb theme_builder_area=\u00bbpost_content\u00bb]<\/p>\n<p style=\"text-align: justify;\"><span style=\"font-size: large;\"><span style=\"font-family: inherit; font-weight: normal;\">Cuando salieron los resultados del refer\u00e9ndum, Ana fue a trabajar y una compa\u00f1era inglesa le dio un abrazo y le dijo: \u201cYo s\u00ed te quiero aqu\u00ed\u201d. Ana se ech\u00f3 a llorar. Compa\u00f1eros\/as, amigos\/as, vecinos\/as le dejaron saber de una manera u otra que <span style=\"font-family: 'Abril Fatface'; font-size: x-large;\">ella s\u00ed era bienvenida <\/span>y lo cierto es que eso le dio fuerzas para aguantar los insultos que siguieron. \u201cHemos ganado, vete a tu pa\u00eds\u201d, era el mensaje de los partidarios del Brexit.<\/span><\/span><\/p>\n<p>[\/et_pb_text][et_pb_text _builder_version=\u00bb4.16&#8243; background_size=\u00bbinitial\u00bb background_position=\u00bbtop_left\u00bb background_repeat=\u00bbrepeat\u00bb inline_fonts=\u00bbAbril Fatface,Abel\u00bb global_colors_info=\u00bb{}\u00bb theme_builder_area=\u00bbpost_content\u00bb]<\/p>\n<p style=\"text-align: justify;\"><span style=\"font-size: large;\"><span style=\"font-family: inherit; font-weight: normal;\">Ana <span style=\"font-family: 'Abril Fatface'; font-size: x-large;\">volvi\u00f3 a Espa\u00f1a<\/span> porque quiso, o no, porque echaba de menos a su familia o porque recibi\u00f3 una oferta de empleo que le gust\u00f3, por no someterse al proceso de regularizaci\u00f3n de sus documentos en el pa\u00eds donde resid\u00eda o porque a su pareja le apeteci\u00f3 de pronto vivir en un lugar con m\u00e1s sol.<\/span><\/span><\/p>\n<p>[\/et_pb_text][et_pb_image src=\u00bbhttps:\/\/migrantesenigualdad.es\/wp-content\/uploads\/2021\/06\/Almunecar.jpg\u00bb align=\u00bbcenter\u00bb _builder_version=\u00bb4.16&#8243; width=\u00bb59%\u00bb global_colors_info=\u00bb{}\u00bb theme_builder_area=\u00bbpost_content\u00bb][\/et_pb_image][et_pb_text _builder_version=\u00bb4.16&#8243; background_size=\u00bbinitial\u00bb background_position=\u00bbtop_left\u00bb background_repeat=\u00bbrepeat\u00bb inline_fonts=\u00bbAbril Fatface,Abel\u00bb global_colors_info=\u00bb{}\u00bb theme_builder_area=\u00bbpost_content\u00bb]<\/p>\n<p style=\"text-align: justify;\"><span style=\"font-size: large;\"><span style=\"font-family: inherit; font-weight: normal;\">Otra vez en Andaluc\u00eda, Ana sab\u00eda que ella <span style=\"font-family: 'Abril Fatface'; font-size: x-large;\">hab\u00eda sido un chivo expiatorio<\/span> en Gran Breta\u00f1a. Sab\u00eda que ser se\u00f1alada por las personas aut\u00f3ctonas por provenir de <span style=\"font-family: 'Abril Fatface'; font-size: x-large;\">un pa\u00eds m\u00e1s pobre<\/span> es fruto del <span style=\"font-family: 'Abril Fatface'; font-size: x-large;\">momento de crisis<\/span> que viv\u00eda la sociedad brit\u00e1nica. Ella, que hab\u00eda sido bienvenida y aceptada como miembro de la comunidad, se convirti\u00f3 de pronto en diferente, peligrosa, en <span style=\"font-family: 'Abril Fatface'; font-size: x-large;\">una amenaza<\/span>, en un objeto en el que <span style=\"font-family: 'Abril Fatface'; font-size: x-large;\">volcar todas las frustraciones<\/span> de la gente que la acusaba.<\/span><\/span><\/p>\n<p>[\/et_pb_text][et_pb_text _builder_version=\u00bb4.16&#8243; background_size=\u00bbinitial\u00bb background_position=\u00bbtop_left\u00bb background_repeat=\u00bbrepeat\u00bb inline_fonts=\u00bbAbril Fatface,Abel\u00bb global_colors_info=\u00bb{}\u00bb theme_builder_area=\u00bbpost_content\u00bb]<\/p>\n<p style=\"text-align: justify;\"><span style=\"font-size: large;\"><span style=\"font-family: inherit; font-weight: normal;\">Muchas de las personas inglesas con las que se cruz\u00f3 antes de dejar el pa\u00eds hab\u00edan hecho una pi\u00f1a, se hab\u00edan reconciliado entre ellas temporalmente para cargar contra \u201cel otro\u201d. Y \u201cel otro\u201d era ella. Quienes la insultaban <span style=\"font-family: 'Abril Fatface'; font-size: x-large;\">estaban liberando su tensi\u00f3n<\/span>, su frustraci\u00f3n en <span style=\"font-family: 'Abril Fatface'; font-size: x-large;\">alguien a quien culpar y atacar<\/span>: PIGS.<\/span><\/span><\/p>\n<p>[\/et_pb_text][et_pb_text _builder_version=\u00bb4.16&#8243; background_size=\u00bbinitial\u00bb background_position=\u00bbtop_left\u00bb background_repeat=\u00bbrepeat\u00bb inline_fonts=\u00bbAbril Fatface,Abel\u00bb global_colors_info=\u00bb{}\u00bb theme_builder_area=\u00bbpost_content\u00bb]<\/p>\n<p style=\"text-align: justify;\"><span style=\"font-size: large;\"><span style=\"font-family: inherit; font-weight: normal;\">Pero en Espa\u00f1a tambi\u00e9n sucede lo mismo con otras personas. Aqu\u00ed, otras personas son se\u00f1aladas y acusadas de venir a robar el trabajo, de saturar los servicios p\u00fablicos, de corromper las costumbres. Ana sabe que sus vecinos y vecinas de otros pa\u00edses no son culpables de nada, ahora entiende que <span style=\"font-family: 'Abril Fatface'; font-size: x-large;\">la clave no es la culpa, sino la acusaci\u00f3n, el se\u00f1alamiento<\/span>. Ana sabe que las causas de los problemas son realmente otras. Los\/as extranjeros\/as, simplemente, se convierten en chivos expiatorios en los momentos de tensi\u00f3n y crisis. Y algunas personas aut\u00f3ctonas a su alrededor creen en lo que quieren creer para poder acusarlos y culparlos.<\/span><\/span><\/p>\n<p>[\/et_pb_text][et_pb_image src=\u00bbhttps:\/\/migrantesenigualdad.es\/wp-content\/uploads\/2021\/06\/senalamiento.png\u00bb _builder_version=\u00bb4.16&#8243; global_colors_info=\u00bb{}\u00bb theme_builder_area=\u00bbpost_content\u00bb][\/et_pb_image][et_pb_text _builder_version=\u00bb4.16&#8243; background_size=\u00bbinitial\u00bb background_position=\u00bbtop_left\u00bb background_repeat=\u00bbrepeat\u00bb inline_fonts=\u00bbAbril Fatface,Abel\u00bb global_colors_info=\u00bb{}\u00bb theme_builder_area=\u00bbpost_content\u00bb]<\/p>\n<p style=\"text-align: justify;\"><span style=\"font-size: large;\"><span style=\"font-family: inherit; font-weight: normal;\">Antes de emigrar, Ana escuchaba esos comentarios acusatorios y los repet\u00eda <span style=\"font-family: 'Abril Fatface'; font-size: x-large;\">sin darse cuenta<\/span> de lo que hac\u00eda. Ahora, Ana cuenta su propia experiencia siempre que puede. Explica que la amenaza de los\/as inmigrantes no existe, que los poderosos los culpan a ellos\/as de una situaci\u00f3n de crisis surgida de <span style=\"font-family: 'Abril Fatface'; font-size: x-large;\">un sistema econ\u00f3mico y social injusto<\/span>. Y muchas personas, algunas bien intencionadas, creen ese discurso, lo reproducen y las radios, las televisiones y las redes sociales los multiplican. La acusaci\u00f3n dirigida contra los migrantes refuerza y explota <span style=\"font-family: 'Abril Fatface'; font-size: x-large;\">antiguos prejuicios \u00e9tnicos<\/span> enraizados en nuestras culturas y saca lo peor de la gente, que se convierte en racista y xen\u00f3foba.<\/span><\/span><\/p>\n<p>[\/et_pb_text][et_pb_text _builder_version=\u00bb4.16&#8243; background_size=\u00bbinitial\u00bb background_position=\u00bbtop_left\u00bb background_repeat=\u00bbrepeat\u00bb inline_fonts=\u00bbAbril Fatface,Abel\u00bb global_colors_info=\u00bb{}\u00bb theme_builder_area=\u00bbpost_content\u00bb]<\/p>\n<p style=\"text-align: justify;\"><span style=\"font-size: large;\"><span style=\"font-family: inherit; font-weight: normal;\">Ahora Ana sabe que acusar y culpar a las personas extranjeras es m\u00e1s f\u00e1cil que reconocer las\u00a0 propias responsabilidades y tomar medidas para arreglar de verdad los problemas invirtiendo m\u00e1s en <span style=\"font-family: 'Abril Fatface'; font-size: x-large;\">educaci\u00f3n<\/span> y en <span style=\"font-family: 'Abril Fatface'; font-size: x-large;\">salud<\/span>, en <span style=\"font-family: 'Abril Fatface'; font-size: x-large;\">infraestructuras p\u00fablicas<\/span>, creando <span style=\"font-family: 'Abril Fatface'; font-size: x-large;\">empleo<\/span>, fomentando la cohesi\u00f3n social en las barriadas. Ana ahora quiere poner el ojo en las causas profundas de la desigualdad y la pobreza. Ana cree en la <span style=\"font-family: 'Abril Fatface'; font-size: x-large;\">convivencia<\/span>. Y anima a las personas con las que habla a hacer lo mismo.<\/span><\/span><\/p>\n<p>[\/et_pb_text][\/et_pb_column][\/et_pb_row][\/et_pb_section]<\/p>\n","protected":false},"excerpt":{"rendered":"<p>\u00a0\u00a0\u201cAlguien ten\u00eda que haber calumniado a Josef K, pues fue detenido\u00a0 una ma\u00f1ana sin haber hecho nada malo\u00bb\u00a0 Franz Kafka, El proceso. Ana llevaba ya unos a\u00f1os viviendo en una ciudad inglesa. Trabajaba en la hosteler\u00eda o en una tienda, o quiz\u00e1s era contable en una empresa, camarera de piso por temporadas o qu\u00edmica en [&hellip;]<\/p>\n","protected":false},"author":1,"featured_media":1637,"comment_status":"open","ping_status":"closed","sticky":false,"template":"","format":"standard","meta":{"_et_pb_use_builder":"on","_et_pb_old_content":"","_et_gb_content_width":"","_jetpack_newsletter_access":"","_jetpack_dont_email_post_to_subs":false,"_jetpack_newsletter_tier_id":0,"_jetpack_memberships_contains_paywalled_content":false,"_jetpack_feature_clip_id":0,"_jetpack_memberships_contains_paid_content":false,"footnotes":"","jetpack_post_was_ever_published":false},"categories":[107],"tags":[33,13,47,38,32,17,14,35,36],"class_list":["post-1494","post","type-post","status-publish","format-standard","has-post-thumbnail","hentry","category-tienes-un-minuto","tag-alteridad","tag-antirracismo","tag-comunidad","tag-convivencia","tag-desprecio","tag-discurso-de-odio","tag-migrantes","tag-prejuicios","tag-sesgos-cognitivos"],"jetpack_sharing_enabled":true,"jetpack_featured_media_url":"https:\/\/i0.wp.com\/migrantesenigualdad.es\/wp-content\/uploads\/2021\/06\/Entrada-chivo-expiatorio-1.png?fit=806%2C496&ssl=1","post_mailing_queue_ids":[],"_links":{"self":[{"href":"https:\/\/migrantesenigualdad.es\/index.php\/wp-json\/wp\/v2\/posts\/1494","targetHints":{"allow":["GET"]}}],"collection":[{"href":"https:\/\/migrantesenigualdad.es\/index.php\/wp-json\/wp\/v2\/posts"}],"about":[{"href":"https:\/\/migrantesenigualdad.es\/index.php\/wp-json\/wp\/v2\/types\/post"}],"author":[{"embeddable":true,"href":"https:\/\/migrantesenigualdad.es\/index.php\/wp-json\/wp\/v2\/users\/1"}],"replies":[{"embeddable":true,"href":"https:\/\/migrantesenigualdad.es\/index.php\/wp-json\/wp\/v2\/comments?post=1494"}],"version-history":[{"count":1,"href":"https:\/\/migrantesenigualdad.es\/index.php\/wp-json\/wp\/v2\/posts\/1494\/revisions"}],"predecessor-version":[{"id":7434,"href":"https:\/\/migrantesenigualdad.es\/index.php\/wp-json\/wp\/v2\/posts\/1494\/revisions\/7434"}],"wp:featuredmedia":[{"embeddable":true,"href":"https:\/\/migrantesenigualdad.es\/index.php\/wp-json\/wp\/v2\/media\/1637"}],"wp:attachment":[{"href":"https:\/\/migrantesenigualdad.es\/index.php\/wp-json\/wp\/v2\/media?parent=1494"}],"wp:term":[{"taxonomy":"category","embeddable":true,"href":"https:\/\/migrantesenigualdad.es\/index.php\/wp-json\/wp\/v2\/categories?post=1494"},{"taxonomy":"post_tag","embeddable":true,"href":"https:\/\/migrantesenigualdad.es\/index.php\/wp-json\/wp\/v2\/tags?post=1494"}],"curies":[{"name":"wp","href":"https:\/\/api.w.org\/{rel}","templated":true}]}}