{"id":1473,"date":"2021-06-01T06:51:22","date_gmt":"2021-06-01T06:51:22","guid":{"rendered":"https:\/\/migrantesenigualdad.es\/?p=1473"},"modified":"2021-06-29T07:23:26","modified_gmt":"2021-06-29T07:23:26","slug":"nvahde-racismo-2-sasha","status":"publish","type":"post","link":"https:\/\/migrantesenigualdad.es\/index.php\/2021\/06\/01\/nvahde-racismo-2-sasha\/","title":{"rendered":"No vengo a hablar de racismo &#8211; Yu Lin (Sasha)"},"content":{"rendered":"<p>[et_pb_section fb_built=\u00bb1&#8243; _builder_version=\u00bb3.22&#8243; custom_padding=\u00bb0px|||||\u00bb][et_pb_row _builder_version=\u00bb4.2.2&#8243; background_size=\u00bbinitial\u00bb background_position=\u00bbtop_left\u00bb background_repeat=\u00bbrepeat\u00bb custom_margin=\u00bb|auto|-42px|auto||\u00bb custom_padding=\u00bb0px|||||\u00bb collapsed=\u00bboff\u00bb][et_pb_column type=\u00bb4_4&#8243; _builder_version=\u00bb3.25&#8243; custom_padding=\u00bb|||\u00bb custom_padding__hover=\u00bb|||\u00bb][et_pb_text _builder_version=\u00bb4.2.2&#8243; text_line_height=\u00bb2em\u00bb background_size=\u00bbinitial\u00bb background_position=\u00bbtop_left\u00bb background_repeat=\u00bbrepeat\u00bb custom_padding=\u00bb0px||0px||false|false\u00bb inline_fonts=\u00bbAbril Fatface,Abel,Aleo\u00bb]<\/p>\n<p style=\"text-align: justify;\"><span style=\"font-size: large;\"> Os presentamos a la siguiente protagonista de nuestra serie <strong>No vengo a hablar de racismo<\/strong>, donde los\/as entrevistados\/as nos hablan sobre aspectos cotidianos y a la vez importantes de sus vidas.<\/span><\/p>\n<p style=\"text-align: justify;\"><span style=\"font-size: large;\"><br \/>Hoy nos vamos a San Mart\u00edn del Tesorillo. El municipio m\u00e1s joven de la provincia de C\u00e1diz, ya que se constituy\u00f3 como independiente el 2 de octubre de 2018, y que es conocido entre otras cosas en la comarca del Campo de Gibraltar por su producci\u00f3n de naranjas.<\/span><\/p>\n<p style=\"text-align: justify;\"><span style=\"font-size: large;\"> <br \/>Nuestra nueva amiga es <strong>Yu Lin<\/strong>, pero si la llamamos as\u00ed, ning\u00fan\/a tesorillero\/a va a saber de qui\u00e9n hablamos, ya que es conocida como <strong>Sasha<\/strong>. Empresaria con dos tiendas en el pueblo, una de ropa, y un bazar. Disfruta del entorno natural que ofrece el r\u00edo Guadiaro y de la compa\u00f1\u00eda de sus vecinas\/os y amistades que no duda en nombrar.<\/span><\/p>\n<p style=\"text-align: justify;\"><span style=\"font-size: large;\"><br \/>Sasha, nos <strong>habla de c\u00f3mo es vivir en un pueblo<\/strong>.<\/span><\/p>\n<p>&nbsp;<\/p>\n<p>[\/et_pb_text][\/et_pb_column][\/et_pb_row][et_pb_row _builder_version=\u00bb4.2.2&#8243; min_height=\u00bb100px\u00bb custom_margin=\u00bb0px|auto|0px|auto|false|false\u00bb custom_padding=\u00bb20px||0px||false|false\u00bb collapsed=\u00bboff\u00bb][et_pb_column type=\u00bb4_4&#8243; _builder_version=\u00bb4.2.2&#8243;][et_pb_video src=\u00bbhttps:\/\/www.youtube.com\/watch?v=30-jZHYo8Pg\u00bb play_icon_color=\u00bb#e09900&#8243; _builder_version=\u00bb4.2.2&#8243;][\/et_pb_video][\/et_pb_column][\/et_pb_row][\/et_pb_section]<\/p>\n","protected":false},"excerpt":{"rendered":"<p>Os presentamos a la siguiente protagonista de nuestra serie No vengo a hablar de racismo, donde los\/as entrevistados\/as nos hablan sobre aspectos cotidianos y a la vez importantes de sus vidas. Hoy nos vamos a San Mart\u00edn del Tesorillo. El municipio m\u00e1s joven de la provincia de C\u00e1diz, ya que se constituy\u00f3 como independiente el [&hellip;]<\/p>\n","protected":false},"author":1,"featured_media":1645,"comment_status":"open","ping_status":"closed","sticky":false,"template":"","format":"standard","meta":{"_et_pb_use_builder":"on","_et_pb_old_content":"","_et_gb_content_width":"","_jetpack_newsletter_access":"","_jetpack_dont_email_post_to_subs":false,"_jetpack_newsletter_tier_id":0,"_jetpack_memberships_contains_paywalled_content":false,"_jetpack_feature_clip_id":0,"_jetpack_memberships_contains_paid_content":false,"footnotes":"","jetpack_post_was_ever_published":false},"categories":[39],"tags":[13,47,38,40,48],"class_list":["post-1473","post","type-post","status-publish","format-standard","has-post-thumbnail","hentry","category-no-vengo-a-hablar-de-racismo","tag-antirracismo","tag-comunidad","tag-convivencia","tag-no-vengo-a-hablar-de-racismo","tag-pueblo"],"jetpack_sharing_enabled":true,"jetpack_featured_media_url":"https:\/\/i0.wp.com\/migrantesenigualdad.es\/wp-content\/uploads\/2021\/06\/NVAHDR-Sasha.png?fit=806%2C496&ssl=1","post_mailing_queue_ids":[],"_links":{"self":[{"href":"https:\/\/migrantesenigualdad.es\/index.php\/wp-json\/wp\/v2\/posts\/1473","targetHints":{"allow":["GET"]}}],"collection":[{"href":"https:\/\/migrantesenigualdad.es\/index.php\/wp-json\/wp\/v2\/posts"}],"about":[{"href":"https:\/\/migrantesenigualdad.es\/index.php\/wp-json\/wp\/v2\/types\/post"}],"author":[{"embeddable":true,"href":"https:\/\/migrantesenigualdad.es\/index.php\/wp-json\/wp\/v2\/users\/1"}],"replies":[{"embeddable":true,"href":"https:\/\/migrantesenigualdad.es\/index.php\/wp-json\/wp\/v2\/comments?post=1473"}],"version-history":[{"count":0,"href":"https:\/\/migrantesenigualdad.es\/index.php\/wp-json\/wp\/v2\/posts\/1473\/revisions"}],"wp:featuredmedia":[{"embeddable":true,"href":"https:\/\/migrantesenigualdad.es\/index.php\/wp-json\/wp\/v2\/media\/1645"}],"wp:attachment":[{"href":"https:\/\/migrantesenigualdad.es\/index.php\/wp-json\/wp\/v2\/media?parent=1473"}],"wp:term":[{"taxonomy":"category","embeddable":true,"href":"https:\/\/migrantesenigualdad.es\/index.php\/wp-json\/wp\/v2\/categories?post=1473"},{"taxonomy":"post_tag","embeddable":true,"href":"https:\/\/migrantesenigualdad.es\/index.php\/wp-json\/wp\/v2\/tags?post=1473"}],"curies":[{"name":"wp","href":"https:\/\/api.w.org\/{rel}","templated":true}]}}