{"id":1373,"date":"2021-05-24T11:39:50","date_gmt":"2021-05-24T11:39:50","guid":{"rendered":"https:\/\/migrantesenigualdad.es\/?p=1373"},"modified":"2021-06-29T08:47:31","modified_gmt":"2021-06-29T08:47:31","slug":"buenas-practicas-prensa-ceuta","status":"publish","type":"post","link":"https:\/\/migrantesenigualdad.es\/index.php\/2021\/05\/24\/buenas-practicas-prensa-ceuta\/","title":{"rendered":"Buenas pr\u00e1cticas en prensa 1. Un centenar de j\u00f3venes&#8230; (25\/04\/21)"},"content":{"rendered":"<p>[et_pb_section fb_built=\u00bb1&#8243; _builder_version=\u00bb3.22&#8243; custom_padding=\u00bb0px|||||\u00bb][et_pb_row _builder_version=\u00bb4.2.2&#8243; custom_padding=\u00bb0px|||||\u00bb][et_pb_column type=\u00bb4_4&#8243; _builder_version=\u00bb4.2.2&#8243;][et_pb_text _builder_version=\u00bb4.2.2&#8243; custom_margin=\u00bb0px||0px||false|false\u00bb custom_padding=\u00bb4px|||||\u00bb inline_fonts=\u00bbAbril Fatface,Aleo\u00bb]<\/p>\n<h1 style=\"text-align: justify;\"><span style=\"font-family: Aleo; font-weight: normal; font-size: large;\">Siguiendo las recomendaciones del proyecto <span style=\"color: #3366ff;\"><a href=\"https:\/\/www.respectwords.org\/wp-content\/uploads\/2017\/11\/Informar-sobre-procesos-migratorios-y-Minor%C3%ADas.pdf\" target=\"_blank\" rel=\"noopener noreferrer\" style=\"color: #3366ff;\">Respect Words<\/a><\/span>,\u00a0 utilizado por el Colegio Profesional de Periodistas de Andaluc\u00eda analizamos una <span style=\"color: #3366ff;\"><a href=\"https:\/\/elforodeceuta.es\/un-centenar-de-jovenes-y-menores-marroquies-llegan-a-ceuta-a-nado-ante-la-pasividad-de-marruecos\/\" style=\"color: #3366ff;\">noticia <\/a><\/span>de <span style=\"color: #3366ff;\"><a href=\"https:\/\/elforodeceuta.es\/\" target=\"_blank\" rel=\"noopener noreferrer\" style=\"color: #3366ff;\"><em>El foro de Ceuta<\/em><\/a><\/span><\/span><\/h1>\n<p>&nbsp;<\/p>\n<blockquote class=\"wp-embedded-content\" data-secret=\"uTASVTce1y\"><p><a href=\"https:\/\/elforodeceuta.es\/un-centenar-de-jovenes-y-menores-marroquies-llegan-a-ceuta-a-nado-ante-la-pasividad-de-marruecos\/\">Un centenar de j\u00f3venes y menores marroqu\u00edes llegan a Ceuta a nado ante la pasividad de Marruecos<\/a><\/p><\/blockquote>\n<p><iframe loading=\"lazy\" class=\"wp-embedded-content\" sandbox=\"allow-scripts\" security=\"restricted\" style=\"position: absolute; clip: rect(1px, 1px, 1px, 1px);\" title=\"\u00abUn centenar de j\u00f3venes y menores marroqu\u00edes llegan a Ceuta a nado ante la pasividad de Marruecos\u00bb \u2014 EL FORO DE CEUTA\" src=\"https:\/\/elforodeceuta.es\/un-centenar-de-jovenes-y-menores-marroquies-llegan-a-ceuta-a-nado-ante-la-pasividad-de-marruecos\/embed\/#?secret=uTASVTce1y\" data-secret=\"uTASVTce1y\" width=\"600\" height=\"338\" frameborder=\"0\" marginwidth=\"0\" marginheight=\"0\" scrolling=\"no\"><\/iframe><\/p>\n<p>&nbsp;<\/p>\n<p>[\/et_pb_text][et_pb_image src=\u00bbhttps:\/\/migrantesenigualdad.es\/wp-content\/uploads\/2021\/05\/Analisis-de-buenas-practicas-1.png\u00bb _builder_version=\u00bb4.2.2&#8243;][\/et_pb_image][et_pb_text _builder_version=\u00bb4.2.2&#8243; custom_margin=\u00bb0px||0px||false|false\u00bb custom_padding=\u00bb4px|||||\u00bb inline_fonts=\u00bbAbril Fatface\u00bb]<\/p>\n<h1 style=\"text-align: justify;\"><span style=\"font-family: 'Abril Fatface'; font-weight: normal; font-size: x-large;\">Un centenar de <span style=\"color: #ff914d;\">j\u00f3venes y menores<\/span> marroqu\u00edes llegan a Ceuta a nado ante la pasividad de Marruecos<\/span><\/h1>\n<p>&nbsp;<br \/>\n[\/et_pb_text][et_pb_text _builder_version=\u00bb4.2.2&#8243; min_height=\u00bb100px\u00bb custom_margin=\u00bb||0px||false|false\u00bb custom_padding=\u00bb0px||||false|false\u00bb inline_fonts=\u00bbAbril Fatface\u00bb]<\/p>\n<p style=\"text-align: justify;\"><span style=\"font-family: 'Abril Fatface'; font-weight: normal; font-size: large;\">Es la primera vez que se dan unos hechos como los vividos hoy entre Ceuta y Castillejos. En torno a <span style=\"color: #7ed957;\">100 j\u00f3venes<\/span> han llegado a nado hasta las costas espa\u00f1olas, mientras al menos dos habr\u00edan muerto en aguas marroqu\u00edes. La pasividad de las autoridades del reino alauita podr\u00edan estar motivadas por la acogida humanitaria del l\u00edder del Frente Polisario.<\/span><\/p>\n<p>[\/et_pb_text][et_pb_text _builder_version=\u00bb4.2.2&#8243; text_font=\u00bb||||||||\u00bb text_line_height=\u00bb2em\u00bb header_text_color=\u00bb#0c71c3&#8243; header_2_font=\u00bb|700|||||||\u00bb header_2_text_align=\u00bbleft\u00bb header_2_text_color=\u00bb#e0b8ff\u00bb header_2_line_height=\u00bb1.1em\u00bb header_3_font=\u00bb|600|||||||\u00bb header_3_text_color=\u00bb#0da0c5&#8243; width=\u00bb100%\u00bb module_alignment=\u00bbcenter\u00bb custom_margin=\u00bb0px||0px||false|false\u00bb custom_padding=\u00bb25px||||false|false\u00bb inline_fonts=\u00bbFredericka the Great,Fredoka One,Frank Ruhl Libre,Annie Use Your Telescope,Aleo\u00bb]<\/p>\n<p style=\"text-align: justify;\"><span style=\"font-family: Aleo; font-weight: normal; font-size: large;\">El duro temporal de levante que azota el Estrecho no ha impedido que un centenar de <strong><span style=\"color: #ff914d;\">j\u00f3venes y ni\u00f1os<\/span><\/strong> de origen marroqu\u00ed se lanzasen al mar a nado durante este domingo, en varios grupos de entre<span style=\"color: #7ed957;\"><strong> 20 y 50 personas<\/strong><\/span>. Seg\u00fan fuentes policiales en Marruecos hay al menos <span style=\"color: #7ed957;\"><strong>dos fallecidos<\/strong>.<\/span><\/span><\/p>\n<p style=\"text-align: justify;\"><span style=\"font-family: Aleo; font-weight: normal; font-size: large;\">Sin chalecos salvavidas, ni neoprenos, la desesperaci\u00f3n que se vive en el norte de Marruecos provoca la huida de cientos de<span style=\"color: #ff914d;\"><strong> j\u00f3venes y menores<\/strong> <\/span>que esperan encontrar en Europa una salida.<\/span><\/p>\n<p style=\"text-align: justify;\"><span style=\"font-family: Aleo; font-weight: normal; font-size: large;\">Desde primeras horas de esta ma\u00f1ana han sido movilizados por mar el Servicio Mar\u00edtimo de la Guardia Civil, Salvamento Mar\u00edtimo y Cruz Roja; por tierra varias patrullas del Instituto Armado, la Polic\u00eda Nacional y la Local y por aire el helic\u00f3ptero de la Benem\u00e9rita. Sin embargo, no ha habido ning\u00fan tipo de reacci\u00f3n de agentes ni recursos mar\u00edtimos por parte del Reino marroqu\u00ed, mostrando una total pasividad ante los hechos que estaban sucediendo.<\/span><\/p>\n<p style=\"text-align: justify;\"><span style=\"font-family: Aleo; font-weight: normal; font-size: large;\"><span style=\"color: #7ed957;\"><strong>Tres de los j\u00f3venes<\/strong> <\/span>que han sido rescatados entre el fuerte oleaje han necesitado ser trasladados al Hospital Universitario con graves s\u00edntomas de hipotermia.<\/span><\/p>\n<p style=\"text-align: justify;\"><span style=\"font-family: Aleo; font-weight: normal; font-size: large;\">En la mar se han vivido momentos angustiosos y peligrosos para los j\u00f3venes que se encontraban luchando por flotar contra la fuerte corriente. Una situaci\u00f3n que se ha visto agravada por las malas condiciones meteorol\u00f3gicas, que inestabilizaban notablemente las embarcaciones de la Guardia Civil y Cruz Roja, dificultando la recogida de los j\u00f3venes migrantes.<\/span><\/p>\n<p style=\"text-align: justify;\"><span style=\"font-family: Aleo; font-weight: normal; font-size: large;\"><strong>Una huida sin neoprenos ni chalecos salvavidas<\/strong><\/span><\/p>\n<p style=\"text-align: justify;\"><span style=\"font-family: Aleo; font-weight: normal; font-size: large;\">Muchos de los j\u00f3venes y ni\u00f1os que han llegado hoy a nuestras costas se han lanzado al mar sin ning\u00fan tipo de protecci\u00f3n t\u00e9rmica ni chalecos salvavidas. <span style=\"color: #7ed957;\"><strong>Tan solo algunos de ellos iban enfundados en neoprenos.<\/strong><\/span><\/span><\/p>\n<p style=\"text-align: justify;\"><span style=\"font-family: Aleo; font-weight: normal; font-size: large;\">Esto da lugar a una peligrosidad a\u00f1adida al ya arriesgado viaje que han emprendido, ya que una vestimenta inadecuada puede dificultar aun m\u00e1s la permanencia a flote.<\/span><\/p>\n<p style=\"text-align: justify;\"><span style=\"font-family: Aleo; font-weight: normal; font-size: large;\"><strong>Atenci\u00f3n por Cruz Roja<\/strong><\/span><\/p>\n<p style=\"text-align: justify;\"><span style=\"font-family: Aleo; font-weight: normal; font-size: large;\">Todos los <strong><span style=\"color: #ff914d;\">j\u00f3venes<\/span> <\/strong>rescatados han sido<span style=\"color: #7ed957;\"><strong> trasladados hasta la base del Servicio Mar\u00edtimo<\/strong><\/span>, en el puerto deportivo, donde han sido atendidos por el ERIE de Cruz Roja, quienes les realizar\u00e1n labores de triaje adaptado a la detecci\u00f3n del COVID-19, as\u00ed como test r\u00e1pidos en base al protocolo establecido por la Secretar\u00eda de Estado de Migraciones.<\/span><\/p>\n<p style=\"text-align: justify;\"><span style=\"font-family: Aleo; font-weight: normal; font-size: large;\">Una vez comprobado su estado de salud, son <span style=\"color: #7ed957;\"><strong>trasladadas hasta la nave del Tarajal<\/strong><\/span>, adaptada como albergue provisional por Cruz Roja y la Ciudad Aut\u00f3noma, para que cumplan el confinamiento obligatorio de entre 9 o 15 d\u00edas.<\/span><\/p>\n<p style=\"text-align: justify;\"><span style=\"font-family: Aleo; font-weight: normal; font-size: large;\"><strong><span style=\"color: #cb6ce6;\">Una vez en la nave del Tarajal hemos podido comprobar in situ<\/span><\/strong> el estado en el que se encontraban los <strong><span style=\"color: #ff914d;\">j\u00f3venes reci\u00e9n llegados<\/span><\/strong>, quienes <strong><span style=\"color: #cb6ce6;\">nos han referido querer seguir con su ruta migratoria hacia Europa.<\/span><\/strong><\/span><\/p>\n<p style=\"text-align: justify;\"><span style=\"font-family: Aleo; font-weight: normal; font-size: large;\"><strong>Expediente de expulsi\u00f3n<\/strong><\/span><\/p>\n<p style=\"text-align: justify;\"><span style=\"font-family: Aleo; font-weight: normal; font-size: large;\">Tras la filiaci\u00f3n por parte de la Polic\u00eda Nacional, comprobar\u00e1n a trav\u00e9s de los datos aportados por los j\u00f3venes, cu\u00e1ntos de ellos estaban ya filiados.<\/span><\/p>\n<p style=\"text-align: justify;\"><span style=\"font-family: Aleo; font-weight: normal; font-size: large;\"><span style=\"color: #38b6ff;\"><strong>En cuanto a las personas que no soliciten protecci\u00f3n internacional,<\/strong><\/span> <strong><span style=\"color: #ff914d;\">en caso de que se trate de adultos y sean de origen marroqu\u00ed<\/span><\/strong>, <strong><span style=\"color: #38b6ff;\">se proceder\u00e1 a la emisi\u00f3n de un expediente de expulsi\u00f3n <\/span><\/strong>que quedar\u00e1 suspendido hasta que se reabran los pasos fronterizos de las fronteras de Espa\u00f1a y Marruecos, quedando en situaci\u00f3n de calle hasta que se reabran las fronteras y sean devueltos o hasta que consigan continuar con su periplo migratorio hacia la Pen\u00ednsula, que es lo que pretenden en su mayor\u00eda. <strong><span style=\"color: #ff914d;\">En caso de que hubiese menores de edad<\/span><\/strong>, pasar\u00e1n al Centro de Menores, donde ser\u00e1n tutelados por la Ciudad Aut\u00f3noma.<\/span><\/p>\n<p style=\"text-align: justify;\"><span style=\"font-family: Aleo; font-weight: normal; font-size: large;\"><strong>El Frente Polisario como posible causa de la pasividad de Marruecos<\/strong><\/span><\/p>\n<p style=\"text-align: justify;\"><span style=\"font-family: Aleo; font-weight: normal; font-size: large;\">Seg\u00fan fuentes de toda solvencia consultadas por este medio, esta pasividad de las autoridades marroqu\u00edes est\u00e1 directamente relacionada con la decisi\u00f3n del Gobierno espa\u00f1ol de acoger la entrada de Espa\u00f1a del l\u00edder del Frente Polisario, Brahim Ghali, por \u201crazones humanitarias\u201d ha acabado por generar un conflicto con Marruecos.<\/span><\/p>\n<p style=\"text-align: justify;\"><span style=\"font-family: Aleo; font-weight: normal; font-size: large;\"><strong>Crisis en Marruecos por el cierre de la frontera<\/strong><\/span><\/p>\n<p style=\"text-align: justify;\"><span style=\"font-family: Aleo; font-weight: normal; font-size: large;\">Nuevo viernes de manifestaciones en Castillejos por el cierre de la frontera<\/span><\/p>\n<p style=\"text-align: justify;\"><span style=\"font-family: Aleo; font-weight: normal; font-size: large;\">La frontera con Marruecos permanece permanece cerrada. El BOE public\u00f3 a principios de mes la ampliaci\u00f3n de su cierre hasta, al menos, final de abril y la delegada del Gobierno confirm\u00f3 ante los medios en febrero que \u201cmientras tengamos la situaci\u00f3n que tenemos con la Covid, no se puede abrir la frontera, eso tiene que quedar claro\u201c, por lo que se intuye que su reapertura a\u00fan queda lejos en el tiempo, aunque hay algunos rumores que apuntan a que junio podr\u00eda ser la fecha en la que se recupere la conexi\u00f3n terrestre entre pa\u00edses.<\/span><\/p>\n<p style=\"text-align: justify;\"><span style=\"font-family: Aleo; font-weight: normal; font-size: large;\">Esta situaci\u00f3n ha dado lugar a <span style=\"color: #ff5757;\"><strong>una crisis econ\u00f3mica, adem\u00e1s de la sanitaria, que se extiende a un lado y al otro de la frontera y que azota duramente al norte de Marruecos.<\/strong><\/span><\/span><\/p>\n<p style=\"text-align: justify;\"><span style=\"font-family: Aleo; font-weight: normal; font-size: large;\">Sin embargo, <span style=\"color: #ff5757;\"><strong>son numerosas las protestas en la localidad vecina de Castillejos (Fnideq), donde los j\u00f3venes, y no tan j\u00f3venes, claman por la reapertura del paso fronterizo de Bab Septa\/Tarajal para poder volver a trabajar en Ceuta, tras casi un a\u00f1o del cierre<\/strong><\/span>, y la grave situaci\u00f3n de crisis por la que atraviesan.<\/span><\/p>\n<p style=\"text-align: justify;\"><span style=\"font-family: Aleo; font-weight: normal; font-size: large;\">El cierre de la frontera y con \u00e9l, <span style=\"color: #ff5757;\"><strong>la falta de trabajo para las ciudades del norte de Marruecos, ha sido el motivo que ha llevado a miles de personas a salir a la calle a reclamar la reapertura<\/strong><\/span>.<\/span><\/p>\n<p style=\"text-align: justify;\"><span style=\"font-family: Aleo; font-weight: normal; font-size: large;\">Los hechos que se han vivido durante toda la jornada de hoy son la muestra de la desesperaci\u00f3n que atraviesan miles de ciudadanos residentes en el norte de Marruecos que ve\u00edan en la frontera con Ceuta la oportunidad de trabajar y sacar sus familias adelante.<\/span><\/p>\n<p>&nbsp;<br \/>\n[\/et_pb_text][\/et_pb_column][\/et_pb_row][\/et_pb_section]<\/p>\n","protected":false},"excerpt":{"rendered":"<p>Siguiendo las recomendaciones del proyecto Respect Words,\u00a0 utilizado por el Colegio Profesional de Periodistas de Andaluc\u00eda analizamos una noticia de El foro de Ceuta &nbsp; https:\/\/elforodeceuta.es\/un-centenar-de-jovenes-y-menores-marroquies-llegan-a-ceuta-a-nado-ante-la-pasividad-de-marruecos\/ &nbsp;Un centenar de j\u00f3venes y menores marroqu\u00edes llegan a Ceuta a nado ante la pasividad de Marruecos &nbsp; Es la primera vez que se dan unos hechos como los [&hellip;]<\/p>\n","protected":false},"author":1,"featured_media":1648,"comment_status":"open","ping_status":"closed","sticky":false,"template":"","format":"standard","meta":{"_et_pb_use_builder":"on","_et_pb_old_content":"","_et_gb_content_width":"","_jetpack_newsletter_access":"","_jetpack_dont_email_post_to_subs":false,"_jetpack_newsletter_tier_id":0,"_jetpack_memberships_contains_paywalled_content":false,"_jetpack_feature_clip_id":0,"_jetpack_memberships_contains_paid_content":false,"footnotes":"","jetpack_post_was_ever_published":false},"categories":[26],"tags":[13,46,42,37,14,45,44,43],"class_list":["post-1373","post","type-post","status-publish","format-standard","has-post-thumbnail","hentry","category-observatorio","tag-antirracismo","tag-buenas-practicas","tag-ceuta","tag-empatia","tag-migrantes","tag-observatorio","tag-periodismo","tag-prensa"],"jetpack_sharing_enabled":true,"jetpack_featured_media_url":"https:\/\/i0.wp.com\/migrantesenigualdad.es\/wp-content\/uploads\/2021\/05\/Buenas-practicas-I.gif?fit=406%2C250&ssl=1","post_mailing_queue_ids":[],"_links":{"self":[{"href":"https:\/\/migrantesenigualdad.es\/index.php\/wp-json\/wp\/v2\/posts\/1373","targetHints":{"allow":["GET"]}}],"collection":[{"href":"https:\/\/migrantesenigualdad.es\/index.php\/wp-json\/wp\/v2\/posts"}],"about":[{"href":"https:\/\/migrantesenigualdad.es\/index.php\/wp-json\/wp\/v2\/types\/post"}],"author":[{"embeddable":true,"href":"https:\/\/migrantesenigualdad.es\/index.php\/wp-json\/wp\/v2\/users\/1"}],"replies":[{"embeddable":true,"href":"https:\/\/migrantesenigualdad.es\/index.php\/wp-json\/wp\/v2\/comments?post=1373"}],"version-history":[{"count":0,"href":"https:\/\/migrantesenigualdad.es\/index.php\/wp-json\/wp\/v2\/posts\/1373\/revisions"}],"wp:featuredmedia":[{"embeddable":true,"href":"https:\/\/migrantesenigualdad.es\/index.php\/wp-json\/wp\/v2\/media\/1648"}],"wp:attachment":[{"href":"https:\/\/migrantesenigualdad.es\/index.php\/wp-json\/wp\/v2\/media?parent=1373"}],"wp:term":[{"taxonomy":"category","embeddable":true,"href":"https:\/\/migrantesenigualdad.es\/index.php\/wp-json\/wp\/v2\/categories?post=1373"},{"taxonomy":"post_tag","embeddable":true,"href":"https:\/\/migrantesenigualdad.es\/index.php\/wp-json\/wp\/v2\/tags?post=1373"}],"curies":[{"name":"wp","href":"https:\/\/api.w.org\/{rel}","templated":true}]}}