{"id":1200,"date":"2021-05-06T11:38:24","date_gmt":"2021-05-06T11:38:24","guid":{"rendered":"https:\/\/migrantesenigualdad.es\/?p=1200"},"modified":"2022-06-17T08:20:19","modified_gmt":"2022-06-17T08:20:19","slug":"socializacion-infancia-racismo","status":"publish","type":"post","link":"https:\/\/migrantesenigualdad.es\/index.php\/2021\/05\/06\/socializacion-infancia-racismo\/","title":{"rendered":"H\u00e9ctor elige sus amistades"},"content":{"rendered":"<p>[et_pb_section fb_built=\u00bb1&#8243; _builder_version=\u00bb3.22&#8243; custom_padding=\u00bb0px|||||\u00bb][et_pb_row _builder_version=\u00bb4.2.2&#8243; background_size=\u00bbinitial\u00bb background_position=\u00bbtop_left\u00bb background_repeat=\u00bbrepeat\u00bb custom_margin=\u00bb|auto|-42px|auto||\u00bb custom_padding=\u00bb0px|||||\u00bb][et_pb_column type=\u00bb4_4&#8243; _builder_version=\u00bb3.25&#8243; custom_padding=\u00bb|||\u00bb custom_padding__hover=\u00bb|||\u00bb][et_pb_text _builder_version=\u00bb4.2.2&#8243; background_size=\u00bbinitial\u00bb background_position=\u00bbtop_left\u00bb background_repeat=\u00bbrepeat\u00bb inline_fonts=\u00bbAbril Fatface,Abel\u00bb]<\/p>\n<blockquote>\n<p style=\"text-align: justify;\"><span style=\"font-size: large;\"><span style=\"font-family: inherit; font-weight: normal;\">Hab\u00eda quedado yo con una amiga a tomar algo. Est\u00e1bamos charlando en su sal\u00f3n, sentadas en el sof\u00e1, mientras <span style=\"font-family: 'Abril Fatface'; font-size: x-large;\">su hijo de cuatro a\u00f1os<\/span> jugaba en el suelo. Ella le hab\u00eda puesto una alfombrita donde \u00e9l desparramaba todo lo que ve\u00eda y que le pod\u00eda servir para jugar. Ah\u00ed acababan, adem\u00e1s de algunos juguetes, palillos de la ropa, una cuchara de pl\u00e1stico, un par de trozos de goma, un trapo de cocina con agujeros\u2026 en fin, lo que pillaba.<\/span><br \/> <\/span><\/p>\n<\/blockquote>\n<p>[\/et_pb_text][et_pb_text _builder_version=\u00bb4.2.2&#8243; background_size=\u00bbinitial\u00bb background_position=\u00bbtop_left\u00bb background_repeat=\u00bbrepeat\u00bb inline_fonts=\u00bbAbril Fatface,Abel\u00bb]<\/p>\n<blockquote>\n<p style=\"text-align: justify;\"><span style=\"font-size: large;\"><span style=\"font-family: inherit; font-weight: normal;\">Yo le estaba contando mis \u00faltimas novedades del curro y ella me contaba las suyas y ve\u00edamos al peque\u00f1o muy concentrado moviendo unas cosas a un sitio para luego elegir de esas cosas solo algunas y ponerlas donde estaban antes. <span style=\"font-family: 'Abril Fatface'; font-size: x-large;\">Un traj\u00edn sencillo, pero hipn\u00f3tico y algo misterioso<\/span>. <\/span><br \/> <\/span><\/p>\n<\/blockquote>\n<p>[\/et_pb_text][et_pb_text _builder_version=\u00bb4.2.2&#8243; background_size=\u00bbinitial\u00bb background_position=\u00bbtop_left\u00bb background_repeat=\u00bbrepeat\u00bb inline_fonts=\u00bbAbril Fatface,Abel\u00bb]<\/p>\n<blockquote>\n<p style=\"text-align: justify;\"><span style=\"font-size: large;\"><span style=\"font-family: inherit; font-weight: normal;\">Hab\u00edamos pasado de los temas laborales a comentar los movimientos del barrio. Nuestro barrio de toda la vida del que yo me hab\u00eda ido hac\u00eda unos a\u00f1os y al que volv\u00eda a menudo. Se hab\u00eda mudado mucha gente nueva y lo celebr\u00e1bamos. Falta le hac\u00eda al barrio abrirse a <span style=\"font-family: 'Abril Fatface'; font-size: x-large;\">nuevos ritmos y nuevas caras para no estancarse<\/span>. Volv\u00eda a haber chiquillos\/as en la plaza y hac\u00eda tiempo que se hab\u00edan abierto unas cuantas tiendas de productos de otros lugares. \u201cF\u00edjate\u201d, me dice orgullosa mi amiga, \u201cque en la guarde, el mejor amigo de H\u00e9ctor es moro y la mejor amiga es negra\u201d.<\/span><br \/> <\/span><\/p>\n<\/blockquote>\n<p>[\/et_pb_text][\/et_pb_column][\/et_pb_row][et_pb_row column_structure=\u00bb2_5,3_5&#8243; _builder_version=\u00bb4.2.2&#8243; background_size=\u00bbinitial\u00bb background_position=\u00bbtop_left\u00bb background_repeat=\u00bbrepeat\u00bb min_height=\u00bb397.7px\u00bb custom_margin=\u00bb||-40px||false|false\u00bb][et_pb_column type=\u00bb2_5&#8243; _builder_version=\u00bb3.25&#8243; custom_padding=\u00bb|||\u00bb custom_padding__hover=\u00bb|||\u00bb][et_pb_image src=\u00bbhttps:\/\/migrantesenigualdad.es\/wp-content\/uploads\/2021\/05\/Lucia-1.jpg\u00bb _builder_version=\u00bb4.2.2&#8243; transform_scale=\u00bb82%|82%\u00bb][\/et_pb_image][\/et_pb_column][et_pb_column type=\u00bb3_5&#8243; _builder_version=\u00bb3.25&#8243; custom_padding=\u00bb|||\u00bb custom_padding__hover=\u00bb|||\u00bb][et_pb_text _builder_version=\u00bb4.2.2&#8243; text_font=\u00bb||||||||\u00bb text_line_height=\u00bb1em\u00bb header_text_color=\u00bb#0c71c3&#8243; header_2_font=\u00bb|700|||||||\u00bb header_2_text_align=\u00bbleft\u00bb header_2_text_color=\u00bb#e0b8ff\u00bb header_2_line_height=\u00bb1.1em\u00bb header_3_font=\u00bb|600|||||||\u00bb header_3_text_color=\u00bb#0da0c5&#8243; width=\u00bb100%\u00bb module_alignment=\u00bbcenter\u00bb inline_fonts=\u00bbFredericka the Great,Fredoka One,Frank Ruhl Libre\u00bb]<\/p>\n<h2><span style=\"font-family: Fredericka the Great; font-weight: normal; font-size: xx-large; color: #8300e9;\"><\/span><\/h2>\n<p>&nbsp;<\/p>\n<h2><span style=\"font-family: Fredericka the Great; font-weight: normal; font-size: xx-large; color: #8300e9;\"><\/span><\/h2>\n<p>&nbsp;<\/p>\n<h2><span style=\"font-weight: normal; font-family: 'Annie Use Your Telescope';\"><strong style=\"text-align: right; font-size: xx-large;\"><span style=\"color: #0da0c5;\">\u201cNo, mam\u00e1\u201d, dice <\/span><\/strong><span style=\"color: #0da0c5; font-family: 'Fredericka the Great'; font-size: xx-large;\"><span style=\"color: #7f00e8;\">H\u00e9ctor <\/span><\/span><strong style=\"text-align: right; font-size: xx-large;\"><span style=\"color: #0da0c5;\">interrumpiendo<\/span><\/strong><span style=\"font-size: xx-large; color: #8300e9;\"><\/span><\/span><\/h2>\n<p><span style=\"font-weight: normal; font-family: 'Annie Use Your Telescope';\">\u00a0<\/span><\/p>\n<h2 style=\"text-align: right;\"><span style=\"font-weight: normal; font-size: xx-large; font-family: 'Annie Use Your Telescope';\"><strong><span style=\"color: #0da0c5;\">su di\u00e1spora de ida y vuelta, <\/span><\/strong><\/span><\/h2>\n<p><span style=\"font-weight: normal; font-family: 'Annie Use Your Telescope';\">\u00a0<\/span><\/p>\n<h2 style=\"text-align: right;\"><span style=\"font-family: 'Annie Use Your Telescope'; font-size: xx-large; font-weight: normal;\"><strong><span style=\"color: #0da0c5;\">\u201cmi mejor amigo es <\/span><\/strong><\/span><span style=\"font-size: xx-large; color: #7f00e8; font-family: 'Fredericka the Great'; font-weight: normal;\">Mohamed<\/span><span style=\"font-size: xx-large; font-family: 'Annie Use Your Telescope'; color: #0da0c5;\"> <\/span><strong style=\"font-size: xx-large;\"><span style=\"font-family: 'Annie Use Your Telescope'; color: #0da0c5;\">y mi mejor amiga es <\/span><\/strong><span style=\"font-size: xx-large; font-family: 'Fredericka the Great'; color: #8300e9; font-weight: normal;\">Luc\u00eda<\/span><strong style=\"font-size: xx-large;\"><span style=\"font-family: 'Annie Use Your Telescope'; color: #0da0c5;\">\u201d.<\/span><\/strong><\/h2>\n<p>&nbsp;<\/p>\n<p>[\/et_pb_text][\/et_pb_column][\/et_pb_row][et_pb_row _builder_version=\u00bb4.2.2&#8243; custom_padding=\u00bb0px|||||\u00bb][et_pb_column type=\u00bb4_4&#8243; _builder_version=\u00bb4.2.2&#8243;][et_pb_text _builder_version=\u00bb4.2.2&#8243; custom_margin=\u00bb0px||0px||false|false\u00bb custom_padding=\u00bb4px|||||\u00bb inline_fonts=\u00bbAbril Fatface\u00bb]<\/p>\n<p style=\"text-align: justify;\"><span style=\"font-size: large;\">Mi amiga se qued\u00f3 sin palabras y yo, con los ojos como platos. <\/span><\/p>\n<p style=\"text-align: justify;\"><span style=\"font-size: large;\">Siendo adultos\/as nos creemos que nos toca ense\u00f1ar y a veces pensamos que no tenemos ya nada que aprender. Pero los\/as m\u00e1s peque\u00f1os\/as suelen mostrarnos mucho de lo que se nos ha olvidado o se nos ha quedado <span style=\"font-family: 'Abril Fatface'; font-weight: normal; font-size: x-large;\">debajo de un mont\u00f3n de prejuicios o de discursos aprendidos y frases hechas<\/span>.<\/span><\/p>\n<p style=\"text-align: justify;\"><span style=\"font-size: large;\"><a href=\"https:\/\/ruidera.uclm.es\/xmlui\/bitstream\/handle\/10578\/967\/234%20El%20desarrollo%20de%20la%20toma%20de%20conciencia%20racial.pdf?sequence=1&amp;isAllowed=y\">Hay estudios que cuentan<\/a> c\u00f3mo un ni\u00f1o de la edad de H\u00e9ctor puede describir a las personas utilizando el color de piel e incluso para agruparlas y <span style=\"font-family: 'Abril Fatface'; font-weight: normal; font-size: x-large;\">son conscientes de algunos t\u00e9rminos sociales<\/span> (en particular \u201cblancos\u201d y \u201cnegros\u201d). Un ni\u00f1o como H\u00e9ctor comprende que cada una de las etiquetas (\u201cblancos\u201d, \u201cnegros\u201d) se asocia con un grupo de personas que posee caracter\u00edsticas comunes entre s\u00ed, es decir, <span style=\"font-family: 'Abril Fatface'; font-weight: normal; font-size: x-large;\">ciertos rasgos f\u00edsicos<\/span>, que son distintas a las de otros grupos.<\/span><\/p>\n<p style=\"text-align: justify;\"><span style=\"font-size: large;\">Rara vez un ni\u00f1o como H\u00e9ctor se basa en el color de piel para clasificar a las personas, para asignarles unas cualidades distintas a las propias, o para valorarlas. Afortunadamente para los\/as ni\u00f1os\/as peque\u00f1os\/as las etiquetas \u201cblanco\u201d y \u201cnegro\u201d<span style=\"font-family: 'Abril Fatface'; font-weight: normal; font-size: x-large;\"> no tienen ning\u00fan significado para relacionarse con los dem\u00e1s<\/span>. Un ni\u00f1o como H\u00e9ctor hace otras distinciones. Lo importante para H\u00e9ctor es que Mohamed es su mejor amigo y Luc\u00eda su mejor amiga. Que son las personas a las que m\u00e1s quiere en su colegio.<\/span><\/p>\n<p>&nbsp;<\/p>\n<p>[\/et_pb_text][et_pb_image src=\u00bbhttps:\/\/migrantesenigualdad.es\/wp-content\/uploads\/2021\/05\/grupo-interracial-ninxs-scaled.jpg\u00bb admin_label=\u00bbImagen\u00bb _builder_version=\u00bb4.2.2&#8243;][\/et_pb_image][et_pb_text _builder_version=\u00bb4.2.2&#8243; min_height=\u00bb270.7px\u00bb custom_margin=\u00bb||0px||false|false\u00bb custom_padding=\u00bb4px|||||\u00bb inline_fonts=\u00bbAbril Fatface\u00bb]<\/p>\n<p style=\"text-align: justify;\"><span style=\"font-size: large;\"><span>Un ni\u00f1o o una ni\u00f1a que crece rodeado\/a exclusivamente de personas blancas muestra preferencias por las personas blancas, pero <span style=\"font-family: 'Abril Fatface'; font-weight: normal; font-size: x-large;\">sus prejuicios no se formar\u00e1n hasta mucho despu\u00e9s<\/span>. No es que no perciba las tonalidades visualmente, es que<span style=\"font-family: 'Abril Fatface'; font-weight: normal; font-size: x-large;\"> la diferencia en las tonalidades no tiene ning\u00fan significado<\/span>.<\/span><\/span><\/p>\n<p style=\"text-align: justify;\"><span style=\"font-size: large;\"><span>Mi amiga y yo nos quedamos un buen rato charlando. Mi amiga me estuvo contando que el padre de Mohamed era el due\u00f1o de la carnicer\u00eda halal de la esquina, donde ella compraba los pinchitos de cordero que nos comimos la \u00faltima vez que hicimos barbacoa. Me estuvo contando tambi\u00e9n que hab\u00eda ayudado a la madre de Luc\u00eda a homologar sus t\u00edtulos de Rep\u00fablica Dominicana y que ahora trabajaba como m\u00e9dica de familia en un centro de salud no muy lejos.<\/span><\/span><\/p>\n<p style=\"text-align: justify;\"><span style=\"font-size: large;\"><span><\/span><\/span><\/p>\n<p>[\/et_pb_text][et_pb_text _builder_version=\u00bb4.2.2&#8243; text_font=\u00bb||||||||\u00bb text_line_height=\u00bb1em\u00bb header_text_color=\u00bb#0c71c3&#8243; header_2_font=\u00bb|700|||||||\u00bb header_2_text_align=\u00bbleft\u00bb header_2_text_color=\u00bb#e0b8ff\u00bb header_2_line_height=\u00bb1.1em\u00bb header_3_font=\u00bb|600|||||||\u00bb header_3_text_color=\u00bb#0da0c5&#8243; width=\u00bb100%\u00bb module_alignment=\u00bbcenter\u00bb custom_margin=\u00bb0px||0px||false|false\u00bb inline_fonts=\u00bbFredericka the Great,Fredoka One,Frank Ruhl Libre,Annie Use Your Telescope\u00bb]<\/p>\n<h2 style=\"text-align: center;\"><span style=\"font-family: 'Annie Use Your Telescope'; font-size: xx-large; font-weight: normal;\"><strong><span style=\"color: #0da0c5;\">El mejor amigo de H\u00e9ctor es <\/span><\/strong><\/span><span style=\"font-size: xx-large; color: #7f00e8; font-family: 'Fredericka the Great'; font-weight: normal;\">Mohamed<\/span><span style=\"font-size: xx-large; font-family: 'Annie Use Your Telescope'; color: #0da0c5;\"> <\/span><\/h2>\n<h2 style=\"text-align: center;\"><strong style=\"font-size: xx-large;\"><span style=\"font-family: 'Annie Use Your Telescope'; color: #0da0c5;\">y su mejor amiga es <\/span><\/strong><span style=\"font-size: xx-large; font-family: 'Fredericka the Great'; color: #8300e9; font-weight: normal;\">Luc\u00eda<\/span><strong style=\"font-size: xx-large;\"><span style=\"font-family: 'Annie Use Your Telescope'; color: #0da0c5;\">. As\u00ed se habla.<\/span><\/strong><\/h2>\n<p style=\"text-align: center;\">\n<p>[\/et_pb_text][\/et_pb_column][\/et_pb_row][\/et_pb_section]<\/p>\n","protected":false},"excerpt":{"rendered":"<p>Hab\u00eda quedado yo con una amiga a tomar algo. Est\u00e1bamos charlando en su sal\u00f3n, sentadas en el sof\u00e1, mientras su hijo de cuatro a\u00f1os jugaba en el suelo. Ella le hab\u00eda puesto una alfombrita donde \u00e9l desparramaba todo lo que ve\u00eda y que le pod\u00eda servir para jugar. Ah\u00ed acababan, adem\u00e1s de algunos juguetes, palillos [&hellip;]<\/p>\n","protected":false},"author":1,"featured_media":1650,"comment_status":"open","ping_status":"closed","sticky":false,"template":"","format":"standard","meta":{"_et_pb_use_builder":"on","_et_pb_old_content":"","_et_gb_content_width":"","_jetpack_newsletter_access":"","_jetpack_dont_email_post_to_subs":false,"_jetpack_newsletter_tier_id":0,"_jetpack_memberships_contains_paywalled_content":false,"_jetpack_feature_clip_id":0,"_jetpack_memberships_contains_paid_content":false,"footnotes":"","jetpack_post_was_ever_published":false},"categories":[107],"tags":[34,35,12,36],"class_list":["post-1200","post","type-post","status-publish","format-standard","has-post-thumbnail","hentry","category-tienes-un-minuto","tag-categorias-sociales","tag-prejuicios","tag-racismo","tag-sesgos-cognitivos"],"jetpack_sharing_enabled":true,"jetpack_featured_media_url":"https:\/\/i0.wp.com\/migrantesenigualdad.es\/wp-content\/uploads\/2021\/05\/Hector-elige-sus-amistades-1.png?fit=806%2C496&ssl=1","post_mailing_queue_ids":[],"_links":{"self":[{"href":"https:\/\/migrantesenigualdad.es\/index.php\/wp-json\/wp\/v2\/posts\/1200","targetHints":{"allow":["GET"]}}],"collection":[{"href":"https:\/\/migrantesenigualdad.es\/index.php\/wp-json\/wp\/v2\/posts"}],"about":[{"href":"https:\/\/migrantesenigualdad.es\/index.php\/wp-json\/wp\/v2\/types\/post"}],"author":[{"embeddable":true,"href":"https:\/\/migrantesenigualdad.es\/index.php\/wp-json\/wp\/v2\/users\/1"}],"replies":[{"embeddable":true,"href":"https:\/\/migrantesenigualdad.es\/index.php\/wp-json\/wp\/v2\/comments?post=1200"}],"version-history":[{"count":0,"href":"https:\/\/migrantesenigualdad.es\/index.php\/wp-json\/wp\/v2\/posts\/1200\/revisions"}],"wp:featuredmedia":[{"embeddable":true,"href":"https:\/\/migrantesenigualdad.es\/index.php\/wp-json\/wp\/v2\/media\/1650"}],"wp:attachment":[{"href":"https:\/\/migrantesenigualdad.es\/index.php\/wp-json\/wp\/v2\/media?parent=1200"}],"wp:term":[{"taxonomy":"category","embeddable":true,"href":"https:\/\/migrantesenigualdad.es\/index.php\/wp-json\/wp\/v2\/categories?post=1200"},{"taxonomy":"post_tag","embeddable":true,"href":"https:\/\/migrantesenigualdad.es\/index.php\/wp-json\/wp\/v2\/tags?post=1200"}],"curies":[{"name":"wp","href":"https:\/\/api.w.org\/{rel}","templated":true}]}}