{"id":1156,"date":"2021-05-05T11:15:17","date_gmt":"2021-05-05T11:15:17","guid":{"rendered":"https:\/\/migrantesenigualdad.es\/?p=1156"},"modified":"2022-06-17T08:20:30","modified_gmt":"2022-06-17T08:20:30","slug":"chistes-cunado-racismo","status":"publish","type":"post","link":"https:\/\/migrantesenigualdad.es\/index.php\/2021\/05\/05\/chistes-cunado-racismo\/","title":{"rendered":"Los chistes del cu\u00f1ao y el cu\u00f1adismo"},"content":{"rendered":"<p>[et_pb_section fb_built=\u00bb1&#8243; _builder_version=\u00bb3.22&#8243; custom_padding=\u00bb0px|||||\u00bb][et_pb_row _builder_version=\u00bb4.2.2&#8243; background_size=\u00bbinitial\u00bb background_position=\u00bbtop_left\u00bb background_repeat=\u00bbrepeat\u00bb custom_margin=\u00bb|auto|-42px|auto||\u00bb custom_padding=\u00bb0px|||||\u00bb][et_pb_column type=\u00bb4_4&#8243; _builder_version=\u00bb3.25&#8243; custom_padding=\u00bb|||\u00bb custom_padding__hover=\u00bb|||\u00bb][et_pb_text _builder_version=\u00bb4.2.2&#8243; background_size=\u00bbinitial\u00bb background_position=\u00bbtop_left\u00bb background_repeat=\u00bbrepeat\u00bb inline_fonts=\u00bbAbril Fatface,Abel\u00bb]<\/p>\n<p style=\"text-align: justify;\"><span style=\"font-size: large;\"><span style=\"font-family: inherit; font-weight: normal;\">Imagina la cena de Navidad, una comida de trabajo o unas ca\u00f1as improvisadas con los amigos de unas amigas. La conversaci\u00f3n va pasando de unos temas a otros: de la mucha o la poca lluvia al \u201coye, qu\u00e9 tal est\u00e1 tu madre\u201d, al cole de los cr\u00edos, al \u00faltimo cotilleo del taller, de la oficina o de la tienda\u2026 Para cuando llega <span style=\"font-family: 'Abril Fatface'; font-size: x-large;\">la sobremesa<\/span>, la conversaci\u00f3n se ha ido animando.\u00a0<\/span><br \/> <\/span><\/p>\n<p>[\/et_pb_text][et_pb_text _builder_version=\u00bb4.2.2&#8243; background_size=\u00bbinitial\u00bb background_position=\u00bbtop_left\u00bb background_repeat=\u00bbrepeat\u00bb hover_enabled=\u00bb0&#8243; inline_fonts=\u00bbAbril Fatface,Abel\u00bb]<\/p>\n<p style=\"text-align: justify;\"><span style=\"font-size: large;\"><span style=\"font-family: inherit; font-weight: normal;\">Es costumbre en muchas reuniones familiares que en la comida no se hable <span style=\"font-family: 'Abril Fatface'; font-size: x-large;\">ni de pol\u00edtica, ni de religi\u00f3n, ni de f\u00fatbol<\/span>. Pero para cuando llega la sobremesa ya se nos ha olvidado y se desbordan los l\u00edmites de esa impuesta prudencia social. Surgen temas de conversaci\u00f3n que invitan a opinar.\u00a0<\/span><br \/> <\/span><\/p>\n<p>[\/et_pb_text][\/et_pb_column][\/et_pb_row][et_pb_row column_structure=\u00bb1_2,1_2&#8243; _builder_version=\u00bb4.2.2&#8243; background_size=\u00bbinitial\u00bb background_position=\u00bbtop_left\u00bb background_repeat=\u00bbrepeat\u00bb][et_pb_column type=\u00bb1_2&#8243; _builder_version=\u00bb3.25&#8243; custom_padding=\u00bb|||\u00bb custom_padding__hover=\u00bb|||\u00bb][et_pb_image src=\u00bbhttps:\/\/migrantesenigualdad.es\/wp-content\/uploads\/2021\/05\/young-men-roasting-barbecue-on-grill-in-cottage-countryside-scaled.jpg\u00bb _builder_version=\u00bb4.2.2&#8243; animation_style=\u00bbzoom\u00bb][\/et_pb_image][\/et_pb_column][et_pb_column type=\u00bb1_2&#8243; _builder_version=\u00bb3.25&#8243; custom_padding=\u00bb|||\u00bb custom_padding__hover=\u00bb|||\u00bb][et_pb_text _builder_version=\u00bb4.2.2&#8243; text_font=\u00bb||||||||\u00bb header_text_color=\u00bb#0c71c3&#8243; header_2_font=\u00bb|700|||||||\u00bb header_2_text_align=\u00bbleft\u00bb header_2_text_color=\u00bb#e0b8ff\u00bb header_2_line_height=\u00bb1.1em\u00bb header_3_font=\u00bb|600|||||||\u00bb header_3_text_color=\u00bb#0da0c5&#8243; width=\u00bb100%\u00bb module_alignment=\u00bbcenter\u00bb inline_fonts=\u00bbFredericka the Great,Annie Use Your Telescope\u00bb]<\/p>\n<h2><span style=\"font-family: Fredericka the Great; font-weight: normal; font-size: xx-large; color: #8300e9;\"><\/span><\/h2>\n<h2><span style=\"font-family: Fredericka the Great; font-weight: normal; font-size: xx-large; color: #8300e9;\"><\/span><\/h2>\n<h2><span style=\"font-family: Fredericka the Great; font-weight: normal; font-size: xx-large; color: #8300e9;\"><\/span><\/h2>\n<h2><span style=\"font-family: Fredericka the Great; font-weight: normal; font-size: xx-large; color: #8300e9;\"><\/span><\/h2>\n<h2><span style=\"font-family: Fredericka the Great; font-weight: normal; font-size: xx-large; color: #8300e9;\"><\/span><\/h2>\n<h2><span style=\"font-family: Fredericka the Great; font-weight: normal; font-size: xx-large; color: #8300e9;\"><\/span><\/h2>\n<h2><span style=\"font-family: Fredericka the Great; font-weight: normal; font-size: xx-large; color: #8300e9;\"><\/span><\/h2>\n<h2 style=\"text-align: right;\"><span style=\"font-size: xx-large;\"><strong><span style=\"font-family: 'Annie Use Your Telescope'; color: #0da0c5;\">Es ah\u00ed donde aparecen<\/span><\/strong><\/span><\/h2>\n<h2 style=\"text-align: right;\"><span style=\"font-family: Fredericka the Great; font-weight: normal; font-size: xx-large; color: #8300e9;\"><strong><span style=\"color: #0da0c5; font-family: 'Annie Use Your Telescope';\">el <\/span><\/strong>cu\u00f1adismo<strong><span style=\"color: #0da0c5; font-family: 'Annie Use Your Telescope';\"> y<\/span><\/strong><\/span><\/h2>\n<h2 style=\"text-align: right;\"><span style=\"font-size: xx-large;\"><strong><span style=\"font-family: 'Annie Use Your Telescope'; color: #0da0c5;\">los chistes sin filtro<\/span><\/strong><\/span><\/h2>\n<p>[\/et_pb_text][\/et_pb_column][\/et_pb_row][et_pb_row _builder_version=\u00bb4.2.2&#8243; custom_padding=\u00bb0px|||||\u00bb][et_pb_column type=\u00bb4_4&#8243; _builder_version=\u00bb4.2.2&#8243;][et_pb_text _builder_version=\u00bb4.2.2&#8243; custom_margin=\u00bb||-99px|||\u00bb custom_padding=\u00bb4px|||||\u00bb inline_fonts=\u00bbAbril Fatface\u00bb]<\/p>\n<p style=\"text-align: justify;\"><span style=\"font-size: large;\"><span style=\"font-family: 'Abril Fatface'; font-weight: normal; font-size: x-large;\">El \u201ccu\u00f1ado\u201d<\/span>, m\u00e1s all\u00e1 de relaciones familiares, es esa persona que habla sin saber, pero imponiendo su opini\u00f3n sobre cualquier asunto. Aparenta ser m\u00e1s listo\/a que los\/as dem\u00e1s y se esfuerza por mostrar que hace las cosas mejor que nadie. Es esa persona que te interrumpe para decir <span style=\"font-family: 'Abril Fatface'; font-weight: normal; font-size: x-large;\">\u201cespera, que yo te lo explico\u201d<\/span>.<span style=\"font-family: 'Abril Fatface'; font-weight: normal; font-size: x-large;\"> \u00bfTe suena?<\/span><\/span><\/p>\n<p style=\"text-align: justify;\"><span style=\"font-size: large;\">Los chistes sin filtro llegan sin avisar y son esos que, siendo m\u00e1s o menos graciosos, dejan un <span style=\"font-family: 'Abril Fatface'; font-weight: normal; font-size: x-large;\">ambiente de malestar<\/span>. T\u00fa lo oyes, te r\u00edes m\u00e1s o menos, pero te quedas con una <span style=\"font-family: 'Abril Fatface'; font-weight: normal; font-size: x-large;\">incomodidad <\/span>por dentro. Te da la sensaci\u00f3n de que es racista o de que es machista, de que atenta contra los\/as homosexuales, bisexuales, transexuales o contra la poblaci\u00f3n migrante, de que es clasista. En resumen, sabes que es de alg\u00fan modo intolerante y sientes que <span style=\"font-family: 'Abril Fatface'; font-weight: normal; font-size: x-large;\">cruza una l\u00ednea<\/span>.\u00a0<\/span><\/p>\n<p style=\"text-align: justify;\"><span style=\"font-size: large;\">Si se te ocurre decir algo, protestar de alguna manera, el cu\u00f1ado de turno responde:<span style=\"font-family: 'Abril Fatface'; font-weight: normal; font-size: x-large;\"> \u201c\u00a1Es mi opini\u00f3n!\u201d<\/span>; \u201cEs que <span style=\"font-family: 'Abril Fatface'; font-weight: normal; font-size: x-large;\">ya no se puede hacer ni un chiste<\/span>\u201d. Lo que puede pasar es que el buen rollo de la sobremesa se agr\u00ede y todo por tu culpa, porque \u201cno tienes sentido del humor\u201d o, peor, porque \u201cno respetas la libertad de expresi\u00f3n\u201d.<\/span><\/p>\n<p>&nbsp;<\/p>\n<p>&nbsp;<\/p>\n<p>&nbsp;<\/p>\n<p>[\/et_pb_text][et_pb_text _builder_version=\u00bb4.2.2&#8243; custom_margin=\u00bb||-99px|||\u00bb custom_padding=\u00bb4px|||||\u00bb inline_fonts=\u00bbAbril Fatface\u00bb]<\/p>\n<p style=\"text-align: justify;\"><span style=\"font-size: large;\"><span>En este momento, te surgen varias preguntas: \u00bfDe d\u00f3nde vienen estas opiniones? \u00bfDe d\u00f3nde surgen esos chistes? El cu\u00f1ado de turno, \u00bfest\u00e1 ejerciendo la libertad de expresi\u00f3n, o<span style=\"font-family: 'Abril Fatface'; font-weight: normal; font-size: x-large;\"> est\u00e1 activando la educaci\u00f3n basada en el desprecio al otro que ha recibido<\/span> durante toda su vida? \u00bfEs su opini\u00f3n fruto de una reflexi\u00f3n propia, o est\u00e1 reproduciendo algo que ha heredado, que ha escuchado siempre en dichos, refranes y chistes?<\/span><\/span><\/p>\n<p style=\"text-align: justify;\"><span style=\"font-size: large;\"><span><\/span><\/span><\/p>\n<p style=\"text-align: justify;\"><span style=\"font-size: large;\"><span><\/span><\/span><\/p>\n<p style=\"text-align: justify;\">\n<p>&nbsp;<\/p>\n<p>&nbsp;<\/p>\n<p>[\/et_pb_text][et_pb_image src=\u00bbhttps:\/\/migrantesenigualdad.es\/wp-content\/uploads\/2021\/05\/puzzled-beautiful-female-model-keeps-hand-on-cheek-scaled.jpg\u00bb _builder_version=\u00bb4.2.2&#8243;][\/et_pb_image][et_pb_text _builder_version=\u00bb4.2.2&#8243; min_height=\u00bb270.7px\u00bb custom_margin=\u00bb||-99px|||\u00bb custom_padding=\u00bb4px|||||\u00bb inline_fonts=\u00bbAbril Fatface\u00bb]<\/p>\n<p style=\"text-align: justify;\"><span style=\"font-size: large;\"><span>El prejuicio se basa en creencias socialmente compartidas y culturalmente condicionadas. La mayor parte de los estereotipos no proceden del trato directo con personas de otros grupos, sino de lo que nos cuentan, de lo que se aprende en la familia o la sociedad. Y <span style=\"font-family: 'Abril Fatface'; font-weight: normal; font-size: x-large;\">este aprendizaje se vuelve t\u00f3xico<\/span> cuando aprendemos a despreciar la diferencia y a los diferentes y olvidamos que, en el fondo, los seres humanos no somos tan distintos unos de otros.<\/span><\/span><\/p>\n<p>&nbsp;<\/p>\n<p>&nbsp;<\/p>\n<p>&nbsp;<\/p>\n<p>[\/et_pb_text][et_pb_text _builder_version=\u00bb4.2.2&#8243; custom_margin=\u00bb||-99px|||\u00bb custom_padding=\u00bb4px|||||\u00bb inline_fonts=\u00bbAbril Fatface\u00bb]<\/p>\n<p style=\"text-align: justify;\"><span style=\"font-size: large;\"><span>El trato que recibe una persona o un grupo de personas depende de c\u00f3mo la define la sociedad. Las opiniones, los chistes que ahondan en los estereotipos y alimentan los prejuicios racistas, machistas, clasistas, hom\u00f3fobos\u2026 <span style=\"font-family: 'Abril Fatface'; font-weight: normal; font-size: x-large;\">pueden, a la larga, incitar directa o indirectamente a la discriminaci\u00f3n<\/span> de personas que pertenecen a ciertos grupos. Cuando la diferencia se entiende como algo negativo, surge la desigualdad y el trato discriminatorio.<\/span><\/span><\/p>\n<p style=\"text-align: justify;\"><span style=\"font-size: large;\"><span><a href=\"https:\/\/migrantesenigualdad.es\/index.php\/2021\/03\/26\/odio-conducta-humana-delitos-discursos-incidentes\/\">El odio, como fen\u00f3meno social<\/a>, no es algo que sucede en el vac\u00edo. No surge de la nada. Clasificar a las personas por<span style=\"font-family: 'Abril Fatface'; font-weight: normal; font-size: x-large;\"> jerarqu\u00edas<\/span> y despreciar a las que considera d\u00e9biles o inferiores hacen que el cu\u00f1ado se sienta superior frente a los protagonistas de sus opiniones, de sus chistes. Esos chistes crean <span style=\"font-family: 'Abril Fatface'; font-weight: normal; font-size: x-large;\">distancias sociales<\/span> (nosotros\/ellos) y refuerzan los prejuicios y la divisi\u00f3n.<\/span><\/span><\/p>\n<p style=\"text-align: justify;\"><span style=\"font-size: large;\"><span>El odio se alimenta, entre otras cosas, de muchas opiniones y de muchos chistes sin filtro que, al repetirse, acaban normalizando el desprecio a las personas de otros grupos sociales. Y <span style=\"font-family: 'Abril Fatface'; font-weight: normal; font-size: x-large;\">el desprecio<\/span> que se instala en nuestra sobremesa <span style=\"font-family: 'Abril Fatface'; font-weight: normal; font-size: x-large;\">ayuda a justificar los obst\u00e1culos reales<\/span> que encuentran muchas personas discriminadas en el acceso a los servicios p\u00fablicos, la educaci\u00f3n, la salud, o cualquier otro de sus derechos.<\/span><\/span><\/p>\n<p style=\"text-align: justify;\"><span style=\"font-size: large;\"><span>Aprendamos de los\/as m\u00e1s peque\u00f1os\/as, de su <span style=\"font-family: 'Abril Fatface'; font-weight: normal; font-size: x-large;\">mirada limpia y desprejuiciada<\/span>, de su trato igualitario con compa\u00f1eros\/as y amigos\/as. Fomentemos la igualdad, el respeto a los dem\u00e1s en su diversidad, la convivencia y la protecci\u00f3n de las minor\u00edas vulnerables. La pr\u00e1ctica de la igualdad es indispensable para contrarrestar el desprecio que intoxica con su odio nuestra reuni\u00f3n familiar despu\u00e9s de una comida. As\u00ed, los chistes racistas, los chistes que fomentan el desprecio no har\u00e1n gracia a nadie y acabar\u00e1n por <span style=\"font-family: 'Abril Fatface'; font-weight: normal; font-size: x-large;\">no<\/span> contarse. <\/span><\/span><span style=\"font-size: large;\"><span>Estaremos construyendo una sociedad mejor.<\/span><\/span><\/p>\n<p style=\"text-align: justify;\">\n<p>&nbsp;<\/p>\n<p>&nbsp;<\/p>\n<p>&nbsp;<\/p>\n<p>[\/et_pb_text][\/et_pb_column][\/et_pb_row][\/et_pb_section]<\/p>\n","protected":false},"excerpt":{"rendered":"<p>Imagina la cena de Navidad, una comida de trabajo o unas ca\u00f1as improvisadas con los amigos de unas amigas. La conversaci\u00f3n va pasando de unos temas a otros: de la mucha o la poca lluvia al \u201coye, qu\u00e9 tal est\u00e1 tu madre\u201d, al cole de los cr\u00edos, al \u00faltimo cotilleo del taller, de la oficina [&hellip;]<\/p>\n","protected":false},"author":1,"featured_media":1653,"comment_status":"open","ping_status":"closed","sticky":false,"template":"","format":"standard","meta":{"_et_pb_use_builder":"on","_et_pb_old_content":"","_et_gb_content_width":"","_jetpack_newsletter_access":"","_jetpack_dont_email_post_to_subs":false,"_jetpack_newsletter_tier_id":0,"_jetpack_memberships_contains_paywalled_content":false,"_jetpack_feature_clip_id":0,"_jetpack_memberships_contains_paid_content":false,"footnotes":"","jetpack_post_was_ever_published":false},"categories":[107],"tags":[33,31,32,12],"class_list":["post-1156","post","type-post","status-publish","format-standard","has-post-thumbnail","hentry","category-tienes-un-minuto","tag-alteridad","tag-cunadismo","tag-desprecio","tag-racismo"],"jetpack_sharing_enabled":true,"jetpack_featured_media_url":"https:\/\/i0.wp.com\/migrantesenigualdad.es\/wp-content\/uploads\/2021\/05\/Cunadismo.png?fit=806%2C496&ssl=1","post_mailing_queue_ids":[],"_links":{"self":[{"href":"https:\/\/migrantesenigualdad.es\/index.php\/wp-json\/wp\/v2\/posts\/1156","targetHints":{"allow":["GET"]}}],"collection":[{"href":"https:\/\/migrantesenigualdad.es\/index.php\/wp-json\/wp\/v2\/posts"}],"about":[{"href":"https:\/\/migrantesenigualdad.es\/index.php\/wp-json\/wp\/v2\/types\/post"}],"author":[{"embeddable":true,"href":"https:\/\/migrantesenigualdad.es\/index.php\/wp-json\/wp\/v2\/users\/1"}],"replies":[{"embeddable":true,"href":"https:\/\/migrantesenigualdad.es\/index.php\/wp-json\/wp\/v2\/comments?post=1156"}],"version-history":[{"count":0,"href":"https:\/\/migrantesenigualdad.es\/index.php\/wp-json\/wp\/v2\/posts\/1156\/revisions"}],"wp:featuredmedia":[{"embeddable":true,"href":"https:\/\/migrantesenigualdad.es\/index.php\/wp-json\/wp\/v2\/media\/1653"}],"wp:attachment":[{"href":"https:\/\/migrantesenigualdad.es\/index.php\/wp-json\/wp\/v2\/media?parent=1156"}],"wp:term":[{"taxonomy":"category","embeddable":true,"href":"https:\/\/migrantesenigualdad.es\/index.php\/wp-json\/wp\/v2\/categories?post=1156"},{"taxonomy":"post_tag","embeddable":true,"href":"https:\/\/migrantesenigualdad.es\/index.php\/wp-json\/wp\/v2\/tags?post=1156"}],"curies":[{"name":"wp","href":"https:\/\/api.w.org\/{rel}","templated":true}]}}