{"id":1026,"date":"2021-04-22T12:16:17","date_gmt":"2021-04-22T12:16:17","guid":{"rendered":"https:\/\/migrantesenigualdad.es\/?p=1026"},"modified":"2022-06-17T08:22:09","modified_gmt":"2022-06-17T08:22:09","slug":"eliminar-prejuicios-historia-colombia","status":"publish","type":"post","link":"https:\/\/migrantesenigualdad.es\/index.php\/2021\/04\/22\/eliminar-prejuicios-historia-colombia\/","title":{"rendered":"Conozcamos de cerca, eliminemos prejuicios. La historia de Guille."},"content":{"rendered":"<p>[et_pb_section fb_built=\u00bb1&#8243; _builder_version=\u00bb3.22&#8243; custom_padding=\u00bb0px|||||\u00bb][et_pb_row _builder_version=\u00bb4.2.2&#8243; background_size=\u00bbinitial\u00bb background_position=\u00bbtop_left\u00bb background_repeat=\u00bbrepeat\u00bb custom_margin=\u00bb|auto|-42px|auto||\u00bb custom_padding=\u00bb0px|||||\u00bb][et_pb_column type=\u00bb4_4&#8243; _builder_version=\u00bb3.25&#8243; custom_padding=\u00bb|||\u00bb custom_padding__hover=\u00bb|||\u00bb][et_pb_text _builder_version=\u00bb4.2.2&#8243; text_line_height=\u00bb2em\u00bb background_size=\u00bbinitial\u00bb background_position=\u00bbtop_left\u00bb background_repeat=\u00bbrepeat\u00bb custom_padding=\u00bb||0px|||\u00bb inline_fonts=\u00bbAbril Fatface,Abel,Aleo\u00bb]<\/p>\n<blockquote>\n<p style=\"text-align: justify;\"><span style=\"font-family: inherit; font-size: large; font-weight: normal;\"><span style=\"font-family: 'Abril Fatface'; font-size: x-large;\">Guille<\/span> es colombiano. Es alto y de piel muy clara. Tiene el pelo corto rizado y gafas. Normalmente va con camisa porque son m\u00e1s frescas, o eso dice \u00e9l. Es de Cartagena de Indias, zona caribe\u00f1a, y all\u00ed es importante ir con ropa fresca. Ahora est\u00e1 en Tarifa y la humedad de levante le resulta familiar. Ha venido para formar parte de un proyecto de investigaci\u00f3n sobre cet\u00e1ceos en el Estrecho. Est\u00e1 entusiasmado.\u00a0<\/span><span style=\"font-size: large;\"><br \/> <\/span><\/p>\n<\/blockquote>\n<p>[\/et_pb_text][\/et_pb_column][\/et_pb_row][et_pb_row _builder_version=\u00bb4.2.2&#8243; background_size=\u00bbinitial\u00bb background_position=\u00bbtop_left\u00bb background_repeat=\u00bbrepeat\u00bb custom_padding=\u00bb||0px|||\u00bb animation_style=\u00bbfold\u00bb][et_pb_column type=\u00bb4_4&#8243; _builder_version=\u00bb3.25&#8243; custom_padding=\u00bb|||\u00bb custom_padding__hover=\u00bb|||\u00bb][et_pb_text _builder_version=\u00bb4.2.2&#8243; text_line_height=\u00bb2em\u00bb custom_padding=\u00bb6px||0px|||\u00bb inline_fonts=\u00bbAbril Fatface\u00bb]<\/p>\n<p style=\"text-align: justify;\"><span style=\"font-size: large;\"><span>Empieza a <span style=\"font-family: 'Abril Fatface'; font-weight: normal; font-size: x-large;\">buscar d\u00f3nde vivir<\/span> porque se va a quedar un a\u00f1o como m\u00ednimo. Llama por tel\u00e9fono a los n\u00fameros de distintos lugares y le van diciendo, uno tras otro, que no est\u00e1n disponibles. Esto le extra\u00f1a porque los pisos est\u00e1n anunciados en p\u00e1ginas web y ninguno dice que est\u00e9 reservado. Pasan un par de d\u00edas, los anuncios siguen publicados y no ha conseguido ver ninguno. Empieza a pensar que<span style=\"font-family: 'Abril Fatface'; font-weight: normal; font-size: x-large;\"> le est\u00e1n dando largas<\/span>.<\/span><\/span><\/p>\n<p>[\/et_pb_text][\/et_pb_column][\/et_pb_row][et_pb_row _builder_version=\u00bb4.2.2&#8243;][et_pb_column type=\u00bb4_4&#8243; _builder_version=\u00bb4.2.2&#8243;][et_pb_image src=\u00bbhttps:\/\/migrantesenigualdad.es\/wp-content\/uploads\/2021\/04\/cartagena-de-indias-2.jpg\u00bb align=\u00bbcenter\u00bb _builder_version=\u00bb4.2.2&#8243; max_width=\u00bb100%\u00bb max_height=\u00bb1000px\u00bb animation_style=\u00bbfade\u00bb][\/et_pb_image][et_pb_text _builder_version=\u00bb4.2.2&#8243; text_line_height=\u00bb2em\u00bb inline_fonts=\u00bbAbril Fatface\u00bb]<\/p>\n<p style=\"text-align: justify;\"><span style=\"font-size: large;\">Cuando por fin ve un piso, peque\u00f1o, de un dormitorio, con dos balcones a la calle y la cocina incorporada en el sal\u00f3n, le parece perfecto. No tiene mucha luz, pero est\u00e1 cerca del trabajo. Habla con el casero y \u00e9ste le dice que se lo alquila si le da por adelantado un mes de alquiler y dos meses de fianza. \u201c\u00bfDos meses? Pero el anuncio dec\u00eda uno\u201d. El casero le dice que <span style=\"font-family: 'Abril Fatface'; font-weight: normal; font-size: x-large;\">necesita garant\u00edas<\/span> y es entonces cuando Guille entiende todo.<\/span><\/p>\n<p>[\/et_pb_text][\/et_pb_column][\/et_pb_row][et_pb_row column_structure=\u00bb1_2,1_2&#8243; _builder_version=\u00bb4.2.2&#8243; min_height=\u00bb308.5px\u00bb][et_pb_column type=\u00bb1_2&#8243; _builder_version=\u00bb4.2.2&#8243;][et_pb_image src=\u00bbhttps:\/\/migrantesenigualdad.es\/wp-content\/uploads\/2021\/04\/Narcotrafico.png\u00bb _builder_version=\u00bb4.2.2&#8243; animation_style=\u00bbbounce\u00bb][\/et_pb_image][\/et_pb_column][et_pb_column type=\u00bb1_2&#8243; _builder_version=\u00bb4.2.2&#8243;][et_pb_text _builder_version=\u00bb4.2.2&#8243; text_line_height=\u00bb2em\u00bb inline_fonts=\u00bbAbril Fatface\u00bb]<\/p>\n<p style=\"text-align: justify;\"><span style=\"font-size: large;\">Le contesta que es bi\u00f3logo marino, que puede enviarle una copia de su contrato de investigaci\u00f3n y que tendr\u00e1 los 3 meses por adelantado, aunque <span style=\"font-family: 'Abril Fatface'; font-weight: normal; font-size: x-large;\">lo que le querr\u00eda decir en realidad<\/span>, a este casero y a todos\/as los\/as dem\u00e1s, es que el narcotraficante Pablo Escobar es cosa del pasado y que \u00e9l no tiene ninguna relaci\u00f3n con la coca\u00edna. Desde luego no la vende y jam\u00e1s la ha consumido.<\/span><\/p>\n<p>[\/et_pb_text][\/et_pb_column][\/et_pb_row][et_pb_row _builder_version=\u00bb4.2.2&#8243; min_height=\u00bb772.3px\u00bb custom_margin=\u00bb|auto|-215px|auto||\u00bb custom_padding=\u00bb5px||0px|||\u00bb][et_pb_column type=\u00bb4_4&#8243; _builder_version=\u00bb4.2.2&#8243;][et_pb_text _builder_version=\u00bb4.2.2&#8243; text_line_height=\u00bb2em\u00bb custom_margin=\u00bb||5px|||\u00bb custom_padding=\u00bb||0px|||\u00bb inline_fonts=\u00bbAbril Fatface,Annie Use Your Telescope,Fredericka the Great\u00bb]<\/p>\n<p style=\"text-align: justify;\"><span style=\"font-size: large;\">Un <span style=\"font-family: 'Abril Fatface'; font-weight: normal; font-size: x-large;\">prejuicio<\/span> es una opini\u00f3n que formamos<span style=\"font-family: 'Abril Fatface'; font-weight: normal; font-size: x-large;\"> sin motivo y sin el conocimiento necesario<\/span>. Suele estar ligado a un <span style=\"font-family: 'Abril Fatface'; font-weight: normal; font-size: x-large;\">estereotipo<\/span> y habitualmente conlleva una <span style=\"font-family: 'Abril Fatface'; font-weight: normal; font-size: x-large;\">actitud negativa y hostil<\/span> hacia una persona a la que identificamos con dicho estereotipo, por el simple hecho de pertenecer a un grupo. El estereotipo es una imagen colectiva. En este caso, relacionar a todas las personas de Colombia con el tr\u00e1fico de coca\u00edna. La actitud negativa con la que tratamos a la v\u00edctima del estereotipo es el prejuicio: el casero piensa que Guille tiene relaci\u00f3n con el narcotr\u00e1fico por ser colombiano. La <span style=\"font-family: 'Abril Fatface'; font-weight: normal; font-size: x-large;\">discriminaci\u00f3n<\/span> es el comportamiento real y observable motivado por el prejuicio: algunos caseros\/as rechazan a Guille como inquilino o le piden m\u00e1s dinero de fianza que a otras personas interesadas porque es colombiano.<\/span><\/p>\n<p>[\/et_pb_text][et_pb_text _builder_version=\u00bb4.2.2&#8243; text_line_height=\u00bb2em\u00bb custom_margin=\u00bb||5px|||\u00bb custom_padding=\u00bb||0px|||\u00bb inline_fonts=\u00bbAbril Fatface,Annie Use Your Telescope,Fredericka the Great\u00bb]<\/p>\n<p style=\"text-align: justify;\"><span style=\"font-size: large;\">No siempre los prejuicios son negativos, tambi\u00e9n existen los <span style=\"font-family: 'Abril Fatface'; font-weight: normal; font-size: x-large;\">prejuicios positivos<\/span>. Cuando, los primeros d\u00edas, Guille sale con sus compa\u00f1eros y compa\u00f1eras de trabajo, la gente espera que sepa bailar. \u201cEres caribe\u00f1o, llevas el ritmo en la sangre\u201d. Y a Guille le encanta bailar, pero piensa en su hermano, que lo odia y en su mejor amiga, que es un pato, y se r\u00ede por dentro, porque ser del Caribe no siempre implica saber bailar.<\/span><\/p>\n<p>[\/et_pb_text][et_pb_text _builder_version=\u00bb4.2.2&#8243; custom_margin=\u00bb||0px||false|false\u00bb custom_padding=\u00bb||0px|||\u00bb inline_fonts=\u00bbAbril Fatface,Annie Use Your Telescope,Fredericka the Great\u00bb]<\/p>\n<p style=\"text-align: justify;\"><span style=\"color: #8300e9; font-size: xx-large; font-family: 'Fredericka the Great'; font-weight: normal;\"><\/span><\/p>\n<p>&nbsp;<\/p>\n<p style=\"text-align: right;\"><span style=\"color: #8300e9; font-size: xx-large; font-family: 'Fredericka the Great'; font-weight: normal;\">A\u00fan hoy, con todos los a\u00f1os que han pasado, me sorprendo siendo v\u00edctima de mis prejuicios.<\/span><\/p>\n<p style=\"text-align: right;\"><span style=\"color: #8300e9; font-size: xx-large; font-family: 'Fredericka the Great'; font-weight: normal;\">\u00bfAlguien cree que una se libra de la educaci\u00f3n que recibi\u00f3?<\/span><\/p>\n<p style=\"text-align: right;\"><span style=\"color: #8300e9; font-size: xx-large; font-family: 'Fredericka the Great'; font-weight: normal;\">Una no se libra, se rebela.<\/span><\/p>\n<p style=\"text-align: right;\">\n<p style=\"text-align: right;\"><span style=\"color: #333333; font-size: xx-large; font-family: 'Annie Use Your Telescope'; font-weight: normal;\"><strong><span style=\"color: #00bfea;\">Marcela Serrano<\/span><\/strong><\/span><\/p>\n<p>&nbsp;<\/p>\n<p>[\/et_pb_text][et_pb_text _builder_version=\u00bb4.2.2&#8243; text_line_height=\u00bb2em\u00bb custom_margin=\u00bb||5px|||\u00bb custom_padding=\u00bb||0px|||\u00bb inline_fonts=\u00bbAbril Fatface,Annie Use Your Telescope,Fredericka the Great\u00bb]<\/p>\n<p style=\"text-align: justify;\"><span style=\"font-size: large;\">Para conocer a Guille o a cualquier otra persona, necesitamos <span style=\"font-family: 'Abril Fatface'; font-weight: normal; font-size: x-large;\">no hacernos ideas previas<\/span> y <span style=\"font-family: 'Abril Fatface'; font-weight: normal; font-size: x-large;\">no sacar conclusiones antes de tiemp<\/span>o. La gente que tiene menos prejuicios, tiene m\u00e1s facilidad para relacionarse con personas distintas y crea v\u00ednculos m\u00e1s sanos, basados en <span style=\"font-family: 'Abril Fatface'; font-weight: normal; font-size: x-large;\">las caracter\u00edsticas reales de esas personas<\/span> y no en ideas impuestas por la sociedad. Todos\/as hemos pronunciado juicios de valor sobre ciertos grupos de personas. Lo importante es que sepamos que estos juicios de valor no son ciertos para todos los miembros de ese grupo.\u00a0<\/span><\/p>\n<p>[\/et_pb_text][et_pb_text _builder_version=\u00bb4.2.2&#8243; text_line_height=\u00bb2em\u00bb custom_margin=\u00bb||5px|||\u00bb custom_padding=\u00bb||0px|||\u00bb inline_fonts=\u00bbAbril Fatface,Annie Use Your Telescope,Fredericka the Great\u00bb]<\/p>\n<p style=\"text-align: justify;\"><span style=\"font-size: large;\">Para conocer a Guille o a cualquier otra persona, necesitamos <span style=\"font-family: 'Abril Fatface'; font-weight: normal; font-size: x-large;\">no hacernos ideas previas<\/span> y <span style=\"font-family: 'Abril Fatface'; font-weight: normal; font-size: x-large;\">no sacar conclusiones antes de tiemp<\/span>o. La gente que tiene menos prejuicios, tiene m\u00e1s facilidad para relacionarse con personas distintas y crea v\u00ednculos m\u00e1s sanos, basados en <span style=\"font-family: 'Abril Fatface'; font-weight: normal; font-size: x-large;\">las caracter\u00edsticas reales de esas personas<\/span> y no en ideas impuestas por la sociedad. Todos\/as hemos pronunciado juicios de valor sobre ciertos grupos de personas. Lo importante es que sepamos que estos juicios de valor no son ciertos para todos los miembros de ese grupo.\u00a0<\/span><\/p>\n<p>[\/et_pb_text][et_pb_text _builder_version=\u00bb4.2.2&#8243; text_line_height=\u00bb2em\u00bb custom_margin=\u00bb||5px|||\u00bb custom_padding=\u00bb||0px|||\u00bb inline_fonts=\u00bbAbril Fatface,Annie Use Your Telescope,Fredericka the Great\u00bb]<\/p>\n<p style=\"text-align: justify;\"><span style=\"font-size: large;\">Por cierto, a Guille le va estupendamente en Tarifa, se siente realizado profesionalmente y apoyado por su entorno de compa\u00f1eros\/as y amigos\/as.\u00a0?<\/span><\/p>\n<p style=\"text-align: justify;\"><span style=\"font-size: large;\"><\/span><\/p>\n<p style=\"text-align: justify;\"><span style=\"font-size: large;\"><\/span><\/p>\n<p style=\"text-align: justify;\"><span style=\"font-size: large;\"><\/span><\/p>\n<p style=\"text-align: justify;\"><span style=\"font-size: large;\"><\/span><\/p>\n<p style=\"text-align: justify;\"><span style=\"font-size: large;\"><\/span><\/p>\n<p>[\/et_pb_text][\/et_pb_column][\/et_pb_row][\/et_pb_section]<\/p>\n","protected":false},"excerpt":{"rendered":"<p>Guille es colombiano. Es alto y de piel muy clara. Tiene el pelo corto rizado y gafas. Normalmente va con camisa porque son m\u00e1s frescas, o eso dice \u00e9l. Es de Cartagena de Indias, zona caribe\u00f1a, y all\u00ed es importante ir con ropa fresca. Ahora est\u00e1 en Tarifa y la humedad de levante le resulta [&hellip;]<\/p>\n","protected":false},"author":1,"featured_media":1651,"comment_status":"open","ping_status":"closed","sticky":false,"template":"","format":"standard","meta":{"_et_pb_use_builder":"on","_et_pb_old_content":"","_et_gb_content_width":"","_jetpack_newsletter_access":"","_jetpack_dont_email_post_to_subs":false,"_jetpack_newsletter_tier_id":0,"_jetpack_memberships_contains_paywalled_content":false,"_jetpack_feature_clip_id":0,"_jetpack_memberships_contains_paid_content":false,"footnotes":"","jetpack_post_was_ever_published":false},"categories":[107],"tags":[],"class_list":["post-1026","post","type-post","status-publish","format-standard","has-post-thumbnail","hentry","category-tienes-un-minuto"],"jetpack_sharing_enabled":true,"jetpack_featured_media_url":"https:\/\/i0.wp.com\/migrantesenigualdad.es\/wp-content\/uploads\/2021\/04\/La-historia-de-Guille.png?fit=806%2C496&ssl=1","post_mailing_queue_ids":[],"_links":{"self":[{"href":"https:\/\/migrantesenigualdad.es\/index.php\/wp-json\/wp\/v2\/posts\/1026","targetHints":{"allow":["GET"]}}],"collection":[{"href":"https:\/\/migrantesenigualdad.es\/index.php\/wp-json\/wp\/v2\/posts"}],"about":[{"href":"https:\/\/migrantesenigualdad.es\/index.php\/wp-json\/wp\/v2\/types\/post"}],"author":[{"embeddable":true,"href":"https:\/\/migrantesenigualdad.es\/index.php\/wp-json\/wp\/v2\/users\/1"}],"replies":[{"embeddable":true,"href":"https:\/\/migrantesenigualdad.es\/index.php\/wp-json\/wp\/v2\/comments?post=1026"}],"version-history":[{"count":0,"href":"https:\/\/migrantesenigualdad.es\/index.php\/wp-json\/wp\/v2\/posts\/1026\/revisions"}],"wp:featuredmedia":[{"embeddable":true,"href":"https:\/\/migrantesenigualdad.es\/index.php\/wp-json\/wp\/v2\/media\/1651"}],"wp:attachment":[{"href":"https:\/\/migrantesenigualdad.es\/index.php\/wp-json\/wp\/v2\/media?parent=1026"}],"wp:term":[{"taxonomy":"category","embeddable":true,"href":"https:\/\/migrantesenigualdad.es\/index.php\/wp-json\/wp\/v2\/categories?post=1026"},{"taxonomy":"post_tag","embeddable":true,"href":"https:\/\/migrantesenigualdad.es\/index.php\/wp-json\/wp\/v2\/tags?post=1026"}],"curies":[{"name":"wp","href":"https:\/\/api.w.org\/{rel}","templated":true}]}}